{"id":5486,"date":"2011-05-19T10:52:41","date_gmt":"2011-05-19T09:52:41","guid":{"rendered":"http:\/\/oliviertredan.wordpress.com\/?p=308"},"modified":"2026-04-12T11:33:01","modified_gmt":"2026-04-12T09:33:01","slug":"parution-casilli-antonio-a-dir-cultures-du-numerique-revue-communications-n-88-seuil-mai-2011","status":"publish","type":"post","link":"http:\/\/oliviertredan.fr\/?p=5486","title":{"rendered":"Parution : Casilli Antonio A. (dir.), &#8220;Cultures du num\u00e9rique&#8221;, revue Communications, n\u00b0 88, Seuil, mai 2011."},"content":{"rendered":"<p style=\"text-align:justify;\">Vient de para\u00eetre : la derni\u00e8re livraison de la revue <a href=\"http:\/\/www.iiac.cnrs.fr\/CentreEdgarMorin\/spip.php?rubrique42\" target=\"_blank\">Communications<\/a>\u00a0sur le th\u00e8me des &#8220;cultures du num\u00e9rique&#8221;, dirig\u00e9e par\u00a0<span class=\"Apple-style-span\" style=\"color:#333333;font-family:verdana, arial, 'times new roman';line-height:17px;\"><a href=\"http:\/\/bodyspacesociety.eu\/2011\/05\/18\/parution-de-cultures-du-numerique-ed-du-seuil\/\" target=\"_blank\">Antonio A. Casilli<\/a>. Voici quelques lignes de la pr\u00e9sentation, propos\u00e9e en <a href=\"http:\/\/www.iiac.cnrs.fr\/CentreEdgarMorin\/sites\/CentreEdgarMorin\/IMG\/pdf\/CulturesDuNume-rique_intro.pdf\">pdf<\/a>.<\/span><\/p>\n<p style=\"text-align:justify;\">\n<blockquote style=\"text-align:justify;\"><p><img loading=\"lazy\" decoding=\"async\" class=\"alignleft\" title=\"Communications - Cultures du num\u00e9rique\" src=\"http:\/\/www.bodyspacesociety.eu\/wp-content\/uploads\/2011\/05\/Communications88CulturesduNum\u00e9rique.jpg\" alt=\"\" width=\"100\" height=\"133\" \/><\/p><\/blockquote>\n<blockquote>\n<p style=\"text-align:justify;\">Ce num\u00e9ro de Communications propose un panorama des \u00e9tudes francophones portant sur les exp\u00e9riences ayant mis les technologies de l&#8217;information et de la communication au centre du changement culturel et social. Les\u00a0r\u00e9seaux num\u00e9riques, l&#8217;informatique ubiquitaire et la prolif\u00e9ration des bases de donn\u00e9es affectent nos modalit\u00e9s de coexistence. <strong>Les usages technologiques actuels influencent non seulement les transformations des pratiques communicationnelles et productives, mais \u00e9galement l&#8217;\u00e9mergence de nouvelles d\u00e9finitions de soi, de nouvelles occasions d&#8217;interaction sociale, de ph\u00e9nom\u00e8nes politiques in\u00e9dits.<\/strong> L&#8217;\u00e9largissement de ce champ de r\u00e9flexion incite \u00e0 aborder le num\u00e9rique en convoquant les apports d&#8217;un large \u00e9ventail de disciplines relevant des sciences humaines et sociales : sociologie, philosophie, droit, \u00e9conomie, esth\u00e9tique, sciences de la communication. Les contributions pr\u00e9sent\u00e9es dans les pages qui suivent visent non seulement \u00e0 circonscrire un domaine d&#8217;investigation, mais aussi \u00e0 former des vocations de recherche dans ledit domaine. L&#8217;ambition est avant tout de repr\u00e9senter une r\u00e9f\u00e9rence la plus compl\u00e8te possible pour les chercheurs, enseignants et \u00e9tudiants sup\u00e9rieurs tant des sciences humaines et sociales que des disciplines techniques et scientifiques. Afin d&#8217;aller \u00e0 la rencontre d&#8217;un lectorat de plus en plus int\u00e9ress\u00e9 par l&#8217;approfondissement de th\u00e9matiques et de traditions de recherche encore insuffisamment explor\u00e9es dans le contexte actuel, le choix a \u00e9t\u00e9 fait d&#8217;adopter un format \u00ab quasi encyclop\u00e9dique \u00bb, structur\u00e9 en entr\u00e9es dispos\u00e9es par ordre alphab\u00e9tique.<\/p>\n<p style=\"text-align:justify;\">Cette intention programmatique \u00e9tait d\u00e9j\u00e0 \u00e9nonc\u00e9e par Jonathan Sterne,\u00a0lequel, dans un texte de 2006, d\u00e9clarait : &#8220;apr\u00e8s une d\u00e9cennie pass\u00e9e \u00e0\u00a0critiquer les pr\u00e9tentions mill\u00e9naristes des m\u00e9dias num\u00e9riques, <strong>ce n&#8217;est que\u00a0maintenant que nous commen\u00e7ons \u00e0 trouver une alternative solide pour\u00a0d\u00e9crire l&#8217;histoire et le pr\u00e9sent de la cyberculture. Nous ne sommes qu&#8217;au\u00a0d\u00e9but d&#8217;un processus de construction d&#8217;un objet<\/strong> (pour reprendre une\u00a0expression ch\u00e8re \u00e0 P. Bourdieu), et nous sommes \u00e0 un moment o\u00f9 il\u00a0pourrait \u00eatre utile de passer un peu plus de temps \u00e0 regarder derri\u00e8re nous\u00a0plut\u00f4t qu&#8217;\u00e0 contempler notre nombril.&#8221;<\/p>\n<p style=\"text-align:justify;\">(&#8230;)<\/p>\n<p style=\"text-align:justify;\">Face aux appr\u00e9hensions et aux promesses associ\u00e9es \u00e0 nos mani\u00e8res de\u00a0penser le possible social \u00e0 travers le prisme technologique, une nouvelle\u00a0mouvance th\u00e9orique semble prendre corps : <strong>penser le num\u00e9rique dans sa\u00a0contemporan\u00e9it\u00e9, enracin\u00e9e dans le pr\u00e9sent.<\/strong> C&#8217;est pourquoi les contributions pr\u00e9sent\u00e9es dans ce num\u00e9ro ont aussi pour vis\u00e9e d&#8217;\u00e9clairer les logiques\u00a0sous-tendant les diff\u00e9rentes circonstances dans lesquelles les technologies\u00a0informatiques sont appr\u00e9hend\u00e9es au niveau des divers contextes sociaux\u00a0et culturels actuels. L&#8217;\u00e9tude des industries culturelles fa\u00e7onnant la production des artefacts et des contenus num\u00e9riques (&#8230;)\u00a0s&#8217;accorde avec celle des trajectoires des individus contemporains en tant\u00a0que producteurs-consommateurs (&#8230;), et\u00a0avec celle de leurs pratiques face aux nouveaux loisirs (&#8230;), aux exp\u00e9rimentations\u00a0et aux formes expressives que le Web rend possibles.<\/p>\n<\/blockquote>\n","protected":false},"excerpt":{"rendered":"<p>Vient de para\u00eetre : la derni\u00e8re livraison de la revue Communications\u00a0sur le th\u00e8me des &#8220;cultures du num\u00e9rique&#8221;, dirig\u00e9e par\u00a0Antonio A. Casilli. Voici quelques lignes de la pr\u00e9sentation, propos\u00e9e en pdf. Ce num\u00e9ro de Communications propose un panorama des \u00e9tudes francophones&#8230; <a class=\"more-link\" href=\"http:\/\/oliviertredan.fr\/?p=5486\">Continue Reading &rarr;<\/a><\/p>\n","protected":false},"author":42,"featured_media":0,"comment_status":"open","ping_status":"open","sticky":false,"template":"","format":"standard","meta":{"footnotes":""},"categories":[136,72],"tags":[95,96],"class_list":["post-5486","post","type-post","status-publish","format-standard","hentry","category-archives","category-publication","tag-communications","tag-cultures-numeriques"],"_links":{"self":[{"href":"http:\/\/oliviertredan.fr\/index.php?rest_route=\/wp\/v2\/posts\/5486","targetHints":{"allow":["GET"]}}],"collection":[{"href":"http:\/\/oliviertredan.fr\/index.php?rest_route=\/wp\/v2\/posts"}],"about":[{"href":"http:\/\/oliviertredan.fr\/index.php?rest_route=\/wp\/v2\/types\/post"}],"author":[{"embeddable":true,"href":"http:\/\/oliviertredan.fr\/index.php?rest_route=\/wp\/v2\/users\/42"}],"replies":[{"embeddable":true,"href":"http:\/\/oliviertredan.fr\/index.php?rest_route=%2Fwp%2Fv2%2Fcomments&post=5486"}],"version-history":[{"count":1,"href":"http:\/\/oliviertredan.fr\/index.php?rest_route=\/wp\/v2\/posts\/5486\/revisions"}],"predecessor-version":[{"id":5668,"href":"http:\/\/oliviertredan.fr\/index.php?rest_route=\/wp\/v2\/posts\/5486\/revisions\/5668"}],"wp:attachment":[{"href":"http:\/\/oliviertredan.fr\/index.php?rest_route=%2Fwp%2Fv2%2Fmedia&parent=5486"}],"wp:term":[{"taxonomy":"category","embeddable":true,"href":"http:\/\/oliviertredan.fr\/index.php?rest_route=%2Fwp%2Fv2%2Fcategories&post=5486"},{"taxonomy":"post_tag","embeddable":true,"href":"http:\/\/oliviertredan.fr\/index.php?rest_route=%2Fwp%2Fv2%2Ftags&post=5486"}],"curies":[{"name":"wp","href":"https:\/\/api.w.org\/{rel}","templated":true}]}}