{"id":5485,"date":"2011-01-27T23:13:53","date_gmt":"2011-01-27T22:13:53","guid":{"rendered":"http:\/\/oliviertredan.wordpress.com\/?p=288"},"modified":"2026-04-12T11:33:01","modified_gmt":"2026-04-12T09:33:01","slug":"les-pratiques-amateur-a-lheure-du-numerique-18-mars-2011","status":"publish","type":"post","link":"http:\/\/oliviertredan.fr\/?p=5485","title":{"rendered":"Les pratiques amateur \u00e0 l&#8217;heure du num\u00e9rique &#8211; 18 mars 2011"},"content":{"rendered":"<p><strong>Difficile de faire mieux. Ce colloque sur les pratiques amateur \u00e0 l&#8217;heure du num\u00e9rique r\u00e9unit tous les chercheurs confirm\u00e9s, sociologues des m\u00e9dias, de l&#8217;Internet ou des pratiques amateur, pour certains cumulant ces diff\u00e9rentes casquettes. Et pourtant, pas d&#8217;annonce pour le moment sur le Web.<\/strong><\/p>\n<p>La pr\u00e9sentation de la probl\u00e9matique du colloque donne le ton : il est \u00e0 la fois question du plaisir et du go\u00fbt de l&#8217;internaute et de la dimension collective de l&#8217;activit\u00e9, avec comme postulat fort : prime la reconnaissance des pairs. Et la qualit\u00e9 des intervenants laisse penser qu&#8217;on est loin de l&#8217;ang\u00e9lisme technologique d\u00e9nonc\u00e9e par Andrew Keen.<\/p>\n<blockquote><p>La prolif\u00e9ration des plateformes participatives sur Internet suscite une implication toujours plus grande des amateurs dans la production ou le &#8220;remixage&#8221; de contenus m\u00e9diatiques qui circulent et s&#8217;\u00e9changent sur le Web, qu&#8217;il s&#8217;agisse de textes, de photos, de vid\u00e9os, de fichiers musicaux, de logiciels, etc. L&#8217;objet de ce colloque d&#8217;une journ\u00e9e organis\u00e9 par le Digital Life Lab (Institut T\u00e9l\u00e9com) a pour objectif de r\u00e9fl\u00e9chir aux enjeux sociaux, organisationnels et culturels suscit\u00e9s par la profusion de ces nombreuses pratiques amateurs dans l&#8217;univers num\u00e9rique. Les amateurs sont souvent des passionn\u00e9s \u00e0 l&#8217;\u00e9gard d&#8217;une activit\u00e9 qui occupe une grandepartie de leur temps libre. Ils agissent selon une logique distincte de celle de l&#8217;\u00e9conomie de march\u00e9: ils trouvent un authentique plaisir \u00e0 partager leur passion et sont davantage motiv\u00e9s par la recherche d&#8217;une reconnaissance symbolique aupr\u00e8s de leurs pairs plut\u00f4t que par la perspective d&#8217;une r\u00e9tribution mon\u00e9taire. Ce colloque abordera d&#8217;abord la th\u00e9matique de l&#8217;organisation des pratiques amateurs avant l&#8217;\u00e8re du num\u00e9rique. Ensuite, les interventions porteront principalement sur l&#8217;univers num\u00e9rique de la cr\u00e9ation culturelle et des m\u00e9dias. Enfin, la question de la mobilisation des m\u00e9dias sociaux dans les entreprises constituera le dernier volet du colloque.<\/p>\n<p><strong>Programme<\/strong><br \/>\n9h20 Introduction <a href=\"http:\/\/pro.ovh.net\/~iskofran\/pdf\/isko2009\/PROULX.pdf\">Serge Proulx<\/a> et <a href=\"http:\/\/www.cairn.info\/resume.php?ID_ARTICLE=RES_116_0053\">Christian Licoppe<\/a><br \/>\n9h30 <a href=\"http:\/\/www.cairn.info\/revue-societes-2004-3-page-9.htm\">Antoine Hennion<\/a> &#8211; Attachements: corps, collectifs, dispositifs<br \/>\n10h00 <a href=\"http:\/\/www.cairn.info\/article.php?ID_ARTICLE=RES_109_0052&amp;DocId=70056&amp;Index=\/cairn2Idx\/cairn&amp;TypeID=226&amp;HitCount=8&amp;hits=2032+1ee6+1e0a+1c7c+1c73+16a8+575+10+0&amp;fileext=html#hit1\">Patrice Flichy<\/a> &#8211; Le sacre de l&#8217;amateur<br \/>\nI &#8211; L&#8217;organisation des pratiques amateurs avant le num\u00e9rique<br \/>\n10h30 <a href=\"http:\/\/www.pratiquesculturelles.culture.gouv.fr\/doc\/08synthese.pdf\">Olivier Donnat<\/a> &#8211; Les pratiques amateur avant l&#8217;\u00e8re du num\u00e9rique<br \/>\n11h30 <a href=\"http:\/\/www.unige.ch\/ses\/socio\/pdrs\/programme\/20072008\/collectifsmorges\/Pasquier2.pdf\">Dominique Pasquier<\/a> &#8211; L&#8217;organisation en r\u00e9seaux des amateurs de th\u00e9\u00e2tre<br \/>\nII &#8211; L&#8217;univers num\u00e9rique de la cr\u00e9ation culturelle et des m\u00e9dias<br \/>\n12h00 Dominique Cardon, Camille Roth et Guilhem Fouetillou &#8211; Trajectoire de cons\u00e9crationdes amateurs dans le monde num\u00e9rique<br \/>\n12h30 <a href=\"http:\/\/www.cairn.info\/resume.php?ID_ARTICLE=TT_015_0147\">Jean-Samuel Beuscar<\/a>t et <a href=\"http:\/\/www.cairn.info\/resume.php?ID_ARTICLE=RES_152_0169\">Maxime Cr\u00e9pe<\/a>l &#8211; Les trajectoires de notori\u00e9t\u00e9 sur le Web2.0 : quatre figures de l&#8217;engagement dans la pratique artistique en ligne<br \/>\n14h30 <a href=\"http:\/\/www.arald.org\/ressources\/pdf\/dossiersenligne\/Les-jeunes-et-la-culture-numerique-par-Nicolas-AURAY.pdf\">Nicolas Auray<\/a> et Dominique Fr\u00e9ard &#8211; Ce que le num\u00e9rique a chang\u00e9 dans l&#8217;implicationdes amateurs \u00e0 la production de connaissances : le cas de l&#8217;astronomie francophone<br \/>\n15h00 Serge Proulx et Lorna Heaton &#8211; Tela Botanica: la coop\u00e9ration en r\u00e9seau de botanistesamateurs<br \/>\nIII &#8211; L&#8217;univers num\u00e9rique des organisations<br \/>\n15h30 Christine Balagu\u00e9 &#8211; Les r\u00e9seaux socionum\u00e9riques dans les strat\u00e9gies d&#8217;entreprise<br \/>\n16h00 Claire Levallois-Barth &#8211; L&#8217;usage des r\u00e9seaux socionum\u00e9riques en entreprise: quelles sont les fronti\u00e8res juridiques entre vie professionnelle et vie priv\u00e9e?<br \/>\n17h00 Chantal Morley &#8211; Comment aime-t-on les technologies num\u00e9riques? Points de vue d&#8217;amateurs dans l&#8217;entreprise<br \/>\n17h30 Nicolas Jullien et Karine Roudaut &#8211; Parcours de contribution dans les communaut\u00e9s de pratique en ligne<\/p><\/blockquote>\n<p>Vendredi 18 mars 2011, de 9h \u00e0 18h (entr\u00e9e libre) \u00e0<a href=\"http:\/\/lacantine.org\/\"> La Cantine<\/a><\/p>\n","protected":false},"excerpt":{"rendered":"<p>Difficile de faire mieux. Ce colloque sur les pratiques amateur \u00e0 l&#8217;heure du num\u00e9rique r\u00e9unit tous les chercheurs confirm\u00e9s, sociologues des m\u00e9dias, de l&#8217;Internet ou des pratiques amateur, pour certains cumulant ces diff\u00e9rentes casquettes. Et pourtant, pas d&#8217;annonce pour le&#8230; <a class=\"more-link\" href=\"http:\/\/oliviertredan.fr\/?p=5485\">Continue Reading &rarr;<\/a><\/p>\n","protected":false},"author":42,"featured_media":0,"comment_status":"open","ping_status":"open","sticky":false,"template":"","format":"standard","meta":{"footnotes":""},"categories":[136,60],"tags":[84,94,131],"class_list":["post-5485","post","type-post","status-publish","format-standard","hentry","category-archives","category-conferences","tag-amateurs","tag-colloque","tag-web"],"_links":{"self":[{"href":"http:\/\/oliviertredan.fr\/index.php?rest_route=\/wp\/v2\/posts\/5485","targetHints":{"allow":["GET"]}}],"collection":[{"href":"http:\/\/oliviertredan.fr\/index.php?rest_route=\/wp\/v2\/posts"}],"about":[{"href":"http:\/\/oliviertredan.fr\/index.php?rest_route=\/wp\/v2\/types\/post"}],"author":[{"embeddable":true,"href":"http:\/\/oliviertredan.fr\/index.php?rest_route=\/wp\/v2\/users\/42"}],"replies":[{"embeddable":true,"href":"http:\/\/oliviertredan.fr\/index.php?rest_route=%2Fwp%2Fv2%2Fcomments&post=5485"}],"version-history":[{"count":1,"href":"http:\/\/oliviertredan.fr\/index.php?rest_route=\/wp\/v2\/posts\/5485\/revisions"}],"predecessor-version":[{"id":5671,"href":"http:\/\/oliviertredan.fr\/index.php?rest_route=\/wp\/v2\/posts\/5485\/revisions\/5671"}],"wp:attachment":[{"href":"http:\/\/oliviertredan.fr\/index.php?rest_route=%2Fwp%2Fv2%2Fmedia&parent=5485"}],"wp:term":[{"taxonomy":"category","embeddable":true,"href":"http:\/\/oliviertredan.fr\/index.php?rest_route=%2Fwp%2Fv2%2Fcategories&post=5485"},{"taxonomy":"post_tag","embeddable":true,"href":"http:\/\/oliviertredan.fr\/index.php?rest_route=%2Fwp%2Fv2%2Ftags&post=5485"}],"curies":[{"name":"wp","href":"https:\/\/api.w.org\/{rel}","templated":true}]}}