{"id":5483,"date":"2008-05-15T08:12:41","date_gmt":"2008-05-15T07:12:41","guid":{"rendered":"http:\/\/oliviertredan.wordpress.com\/?p=177"},"modified":"2026-04-12T11:32:38","modified_gmt":"2026-04-12T09:32:38","slug":"une-mission-du-senat-sur-les-jeunes-et-les-nouveaux-medias","status":"publish","type":"post","link":"http:\/\/oliviertredan.fr\/?p=5483","title":{"rendered":"Une mission du s\u00e9nat sur les jeunes et les nouveaux m\u00e9dias"},"content":{"rendered":"<p>L\u2019impact des nouveaux m\u00e9dias sur la jeunesse int\u00e9resse la commission des affaires sociales du S\u00e9nat. Une mission a \u00e9t\u00e9 lanc\u00e9e depuis fin mars, dirig\u00e9e par <a title=\"David Assouline\" href=\"http:\/\/fr.wikipedia.org\/wiki\/David_Assouline\">le s\u00e9nateur socialiste David Assouline<\/a>.<\/p>\n<blockquote><p>&#8220;L&#8217;arriv\u00e9e de nouveaux m\u00e9dias, Internet, le t\u00e9l\u00e9phone portable voire les jeux vid\u00e9o, ont profond\u00e9ment modifi\u00e9, dans un laps de temps tr\u00e8s court, les comportements des populations, et notamment des plus jeunes. Les usages fa\u00e7onn\u00e9s par ces m\u00e9dias ont un impact encore peu \u00e9valu\u00e9 sur la jeunesse et cr\u00e9ent de nouveaux d\u00e9fis pour les pouvoirs publics, autour des questions de la ma\u00eetrise des contenus diffus\u00e9s, de la protection de la jeunesse, mais aussi de l&#8217;utilisation \u00e9ducative et p\u00e9dagogique de ces outils. David     Assouline souligne que l&#8217;objet de la mission est pr\u00e9cis\u00e9ment de se     saisir de ces probl\u00e9matiques, en \u00ab\u00a0<em>se     concentrant sur les adolescents (13-18 ans), tr\u00e8s gros utilisateurs des     nouveaux m\u00e9dias, et en se fondant sur l&#8217;exp\u00e9rience acquise par les     pouvoirs publics sur le m\u00e9dia audiovisuel, pour aborder l&#8217;ensemble des     rapports entre nouveaux m\u00e9dias et jeunesse<\/em> \u00bb.&#8221;<br \/>\nVoici l&#8217;ambition qu&#8217;affiche <a href=\"http:\/\/www.senat.fr\/presse\/cp20080331a.html\">le communiqu\u00e9 du S\u00e9nat<\/a>.<\/p><\/blockquote>\n<p>Parmi les personnes auditionn\u00e9es, le psychiatre Serge Tisseron, sp\u00e9cialiste des pratiques virtuelles, en particulier chez les adolescents. (<strong><\/strong><a href=\"http:\/\/www.lepost.fr\/article\/2008\/01\/29\/1090633_virtuel-mon-amour-de-serge-tisseron.html\">Serge Tisseron, Virtuel, mon amour, Paris, Albin Michel, 2008, 230 p.<\/a>)<\/p>\n","protected":false},"excerpt":{"rendered":"<p>L\u2019impact des nouveaux m\u00e9dias sur la jeunesse int\u00e9resse la commission des affaires sociales du S\u00e9nat. Une mission a \u00e9t\u00e9 lanc\u00e9e depuis fin mars, dirig\u00e9e par le s\u00e9nateur socialiste David Assouline. &#8220;L&#8217;arriv\u00e9e de nouveaux m\u00e9dias, Internet, le t\u00e9l\u00e9phone portable voire les&#8230; <a class=\"more-link\" href=\"http:\/\/oliviertredan.fr\/?p=5483\">Continue Reading &rarr;<\/a><\/p>\n","protected":false},"author":42,"featured_media":0,"comment_status":"open","ping_status":"open","sticky":false,"template":"","format":"standard","meta":{"footnotes":""},"categories":[136,77],"tags":[],"class_list":["post-5483","post","type-post","status-publish","format-standard","hentry","category-archives","category-uncategorized"],"_links":{"self":[{"href":"http:\/\/oliviertredan.fr\/index.php?rest_route=\/wp\/v2\/posts\/5483","targetHints":{"allow":["GET"]}}],"collection":[{"href":"http:\/\/oliviertredan.fr\/index.php?rest_route=\/wp\/v2\/posts"}],"about":[{"href":"http:\/\/oliviertredan.fr\/index.php?rest_route=\/wp\/v2\/types\/post"}],"author":[{"embeddable":true,"href":"http:\/\/oliviertredan.fr\/index.php?rest_route=\/wp\/v2\/users\/42"}],"replies":[{"embeddable":true,"href":"http:\/\/oliviertredan.fr\/index.php?rest_route=%2Fwp%2Fv2%2Fcomments&post=5483"}],"version-history":[{"count":1,"href":"http:\/\/oliviertredan.fr\/index.php?rest_route=\/wp\/v2\/posts\/5483\/revisions"}],"predecessor-version":[{"id":5652,"href":"http:\/\/oliviertredan.fr\/index.php?rest_route=\/wp\/v2\/posts\/5483\/revisions\/5652"}],"wp:attachment":[{"href":"http:\/\/oliviertredan.fr\/index.php?rest_route=%2Fwp%2Fv2%2Fmedia&parent=5483"}],"wp:term":[{"taxonomy":"category","embeddable":true,"href":"http:\/\/oliviertredan.fr\/index.php?rest_route=%2Fwp%2Fv2%2Fcategories&post=5483"},{"taxonomy":"post_tag","embeddable":true,"href":"http:\/\/oliviertredan.fr\/index.php?rest_route=%2Fwp%2Fv2%2Ftags&post=5483"}],"curies":[{"name":"wp","href":"https:\/\/api.w.org\/{rel}","templated":true}]}}