{"id":5481,"date":"2008-01-29T11:06:39","date_gmt":"2008-01-29T10:06:39","guid":{"rendered":"http:\/\/oliviertredan.wordpress.com\/?p=167"},"modified":"2026-04-12T11:32:39","modified_gmt":"2026-04-12T09:32:39","slug":"les-blogs-dans-les-campagnes-municipales","status":"publish","type":"post","link":"http:\/\/oliviertredan.fr\/?p=5481","title":{"rendered":"Les blogs dans les campagnes municipales (\u00e0 Br\u00e9hat aussi)"},"content":{"rendered":"<p> Une des <a href=\"http:\/\/www.avenir-de-brehat.net\/index.php\/2008\/01\/27\/10-deuxieme-video\">toutes premi\u00e8res communications scientifiques<\/a> sur le ph\u00e9nom\u00e8ne des blogs avaient pour objet une interrogation sur la place des blogs dans la sph\u00e8re publique locale :<\/p>\n<p>\u00ab La cr\u00e9ation de carnets \u2018locaux\u2019 reste un ph\u00e9nom\u00e8ne minoritaire et encore r\u00e9cent car, dans le milieu francophone [&#8230;]. Le rapport au territoire local \u00e9tant plus net du c\u00f4t\u00e9 des carnets\u2018locaux\u2019, ces derniers permettent de poser plusieurs hypoth\u00e8ses :<\/p>\n<ul>\n<li> la participation aux d\u00e9bats, \u00e0 l\u2019espace public ; [&#8230;]<\/li>\n<\/ul>\n<ul>\n<li> la red\u00e9finition des fronti\u00e8res entre espace public et \tespace priv\u00e9 ; [&#8230;]<\/li>\n<\/ul>\n<ul>\n<li>le rapport aux m\u00e9dias locaux. Certains carnetiers qui diffusent de l\u2019information dite d\u2019actualit\u00e9 entendent publier des informations hors des contraintes des organisations m\u00e9diatiques, voire diffuser des informations alternatives \u00e0 celles publi\u00e9es par les m\u00e9dias traditionnels. [&#8230;]<\/li>\n<\/ul>\n<ul>\n<li>le rapport aux institutions publiques. Certains carnets sont d\u00e9velopp\u00e9s par des institutions universitaires, politiques, publiques. Ils leur permettent de diffuser des informations, d\u2019\u00e9changer avec les membres, les internautes, etc. [&#8230;]<\/li>\n<\/ul>\n<p>Pourtant, la pr\u00e9sence de ces carnets pourrait \u00e9ventuellement transformer le rapport que l\u2019internaute \u2018local\u2019 entretient avec les actions et les d\u00e9cisions d\u00e9velopp\u00e9es dans son entourage g\u00e9ographique. Ces carnets d\u2019opinion, d\u2019information pratique, de d\u00e9bats mettent \u00e0 l\u2019avant-sc\u00e8ne des acteurs locaux qui ne sont plus simples utilisateurs, mais bien acteurs de la diffusion d\u2019information. La participation des internautes peut enrichir le d\u00e9bat et infl\u00e9chir ou compl\u00e9ter les articles ou les br\u00e8ves diffus\u00e9s par les carnetiers. Mais l\u2019id\u00e9e d\u2019une envol\u00e9e vers la d\u00e9mocratie participative reste encore compl\u00e8tement illusoire. Le ph\u00e9nom\u00e8ne des carnets innove par sa structuration, ses modalit\u00e9s de diffusion d\u2019information et la possibilit\u00e9 dedialoguer, mais il reste encore un \u00e9piph\u00e9nom\u00e8ne au regard de l\u2019expression d\u2019une citoyennet\u00e9 collective. \u00bb<\/p>\n<p>Depuis l&#8217;\u00e9criture de cette communication en 2003, la physionomie du ph\u00e9nom\u00e8ne a consid\u00e9rablement \u00e9volu\u00e9. Les blogs sont omnipr\u00e9sents : de la cour de r\u00e9cr\u00e9 aux \u00e9ditorialistes, en passant par la communication politique locale. D&#8217;ailleurs, il n&#8217;est pas inutile de rappeler qu&#8217;un des pionniers du blog local, <a href=\"http:\/\/www.monputeaux.com\/\">Christophe Gr\u00e9bert<\/a> est aujourd&#8217;hui t\u00eate de liste \u00e0 Puteaux, <a href=\"http:\/\/www.puteauxensemble.com\/\">Puteaux Ensemble<\/a>.<\/p>\n<p>A l&#8217;aube du lancement de la campagne pour les municipales, \u00e0 l&#8217;heure o\u00f9 les listes et les programmes se peaufinent, les blogs \u00e9closent en servant de support de communication politique locale. Dans les C\u00f4tes d&#8217;Armor, un autre blogueur connu et reconnu, l&#8217;animateur de <a href=\"http:\/\/blogonautes.blogomaniac.fr\/\">Blogonautes<\/a>, se pr\u00e9sente aux municipales, sur l&#8217;Ile de Br\u00e9hat. En blogueur qui se respecte, il anime <a href=\"http:\/\/www.avenir-de-brehat.net\/\">celui de sa liste<\/a>. Une dizaine de billets a \u00e9t\u00e9 publi\u00e9e, mais le blog est r\u00e9ellement rentr\u00e9 dans sa phase active depuis quelques jours : le 27 janvier, <a href=\"http:\/\/www.avenir-de-brehat.net\/index.php\/2008\/01\/27\/10-deuxieme-video\">la campagne  d\u00e9marre<\/a>. Le blog, pour le moment, alterne entre pr\u00e9sentation des candidats et invitation \u00e0 la participation des iliens (<i>Votre avis sur&#8230;<\/i>).<\/p>\n<p><i>Edit :\u00a0<\/i> je corrige mes bourdes orthographiques, qui <a href=\"http:\/\/www.avenir-de-brehat.net\/index.php\/2008\/02\/02\/25-un-doctorant-parle-d-avenir-de-brehat-dans-un-article-sur-l-utilisation-des-blogs-dans-la-campagne-electorale#co\">alimentent des blogs en commentaires<\/a>.<\/p>\n","protected":false},"excerpt":{"rendered":"<p>Une des toutes premi\u00e8res communications scientifiques sur le ph\u00e9nom\u00e8ne des blogs avaient pour objet une interrogation sur la place des blogs dans la sph\u00e8re publique locale : \u00ab La cr\u00e9ation de carnets \u2018locaux\u2019 reste un ph\u00e9nom\u00e8ne minoritaire et encore r\u00e9cent&#8230; <a class=\"more-link\" href=\"http:\/\/oliviertredan.fr\/?p=5481\">Continue Reading &rarr;<\/a><\/p>\n","protected":false},"author":42,"featured_media":0,"comment_status":"open","ping_status":"open","sticky":false,"template":"","format":"standard","meta":{"footnotes":""},"categories":[49,136,55],"tags":[90,91,118],"class_list":["post-5481","post","type-post","status-publish","format-standard","hentry","category-actu-blog","category-archives","category-blog-du-coin","tag-blogs-locaux","tag-brehat","tag-municipales"],"_links":{"self":[{"href":"http:\/\/oliviertredan.fr\/index.php?rest_route=\/wp\/v2\/posts\/5481","targetHints":{"allow":["GET"]}}],"collection":[{"href":"http:\/\/oliviertredan.fr\/index.php?rest_route=\/wp\/v2\/posts"}],"about":[{"href":"http:\/\/oliviertredan.fr\/index.php?rest_route=\/wp\/v2\/types\/post"}],"author":[{"embeddable":true,"href":"http:\/\/oliviertredan.fr\/index.php?rest_route=\/wp\/v2\/users\/42"}],"replies":[{"embeddable":true,"href":"http:\/\/oliviertredan.fr\/index.php?rest_route=%2Fwp%2Fv2%2Fcomments&post=5481"}],"version-history":[{"count":1,"href":"http:\/\/oliviertredan.fr\/index.php?rest_route=\/wp\/v2\/posts\/5481\/revisions"}],"predecessor-version":[{"id":5659,"href":"http:\/\/oliviertredan.fr\/index.php?rest_route=\/wp\/v2\/posts\/5481\/revisions\/5659"}],"wp:attachment":[{"href":"http:\/\/oliviertredan.fr\/index.php?rest_route=%2Fwp%2Fv2%2Fmedia&parent=5481"}],"wp:term":[{"taxonomy":"category","embeddable":true,"href":"http:\/\/oliviertredan.fr\/index.php?rest_route=%2Fwp%2Fv2%2Fcategories&post=5481"},{"taxonomy":"post_tag","embeddable":true,"href":"http:\/\/oliviertredan.fr\/index.php?rest_route=%2Fwp%2Fv2%2Ftags&post=5481"}],"curies":[{"name":"wp","href":"https:\/\/api.w.org\/{rel}","templated":true}]}}