{"id":302,"date":"2011-05-18T09:46:50","date_gmt":"2011-05-18T08:46:50","guid":{"rendered":"http:\/\/oliviertredan.wordpress.com\/?p=302"},"modified":"2026-04-12T11:33:01","modified_gmt":"2026-04-12T09:33:01","slug":"quand-le-journalisme-se-saisit-du-web-vers-lintegration-du-data-journaliste","status":"publish","type":"post","link":"http:\/\/oliviertredan.fr\/?p=302","title":{"rendered":"Quand le journalisme se saisit du Web: vers l\u2019int\u00e9gration du data-journaliste."},"content":{"rendered":"<p><a href=\"http:\/\/surlejournalisme.com\/\"><img loading=\"lazy\" decoding=\"async\" class=\"alignleft\" src=\"http:\/\/oliviertredan.wordpress.com\/wp-content\/uploads\/2011\/05\/4929185695_08a705837f_m.jpg\" alt=\"\" width=\"240\" height=\"170\" \/><\/a><\/p>\n<p style=\"text-align:left;\">Nous pr\u00e9sentons l\u2019exemple d\u2019une pratique \u00e9mergente dans l\u2019espace journalistique, le\u00a0<em>datajournalism<\/em>, fond\u00e9 sur le recueil, le traitement statistique et la visualisation de donn\u00e9es sur Internet. Le\u00a0<em>datajournalism<\/em>\u00a0nous appara\u00eet r\u00e9v\u00e9lateur de trois enjeux. Le journalisme s\u2019alimente d\u2019\u00e9volutions pr\u00e9alables, intervenant dans des mondes connexes, ici le Web. Les ressorts de l\u00e9gitimation du\u00a0<em>datajournalism<\/em>\u00a0au sein de l\u2019espace journalistique combinent mythe professionnel et id\u00e9ologie du Web, le crowdsourcing. Le\u00a0<em>datajournalism<\/em>, qui se caract\u00e9rise par la coop\u00e9ration \u00e9troite entre webjournalistes et professionnels du Web, est l\u2019occasion de controverses sur les contours d\u2019une formation des journalistes au Web. Par ailleurs, \u00e0 travers cette id\u00e9e de coop\u00e9ration au sein de mondes sociaux entrecrois\u00e9s, nous entrevoyons la pertinence des concepts interactionnistes dans l\u2019\u00e9tude des innovations au sein du journalisme.<\/p>\n<p style=\"margin:0;padding:0 0 15px;\"><a style=\"color:#9f313b;text-decoration:none;\" title=\"Datajournalism - Tr\u00e9dan\" href=\"http:\/\/recherche.telecom-bretagne.eu\/labo_communicant\/surlejournalisme\/wp-content\/uploads\/2011\/05\/Datajournalism-Tr%C3%A9dan.pdf\" target=\"_blank\">T\u00e9l\u00e9chargez l\u2019int\u00e9gralit\u00e9 du texte au format pdf<\/a>\u00a0sur <a href=\"http:\/\/surlejournalisme.com\/\">Surlejournalisme.com<\/a>.<\/p>\n","protected":false},"excerpt":{"rendered":"<p>Nous pr\u00e9sentons l\u2019exemple d\u2019une pratique \u00e9mergente dans l\u2019espace journalistique, le\u00a0datajournalism, fond\u00e9 sur le recueil, le traitement statistique et la visualisation de donn\u00e9es sur Internet. Le\u00a0datajournalism\u00a0nous appara\u00eet r\u00e9v\u00e9lateur de trois enjeux. Le journalisme s\u2019alimente d\u2019\u00e9volutions pr\u00e9alables, intervenant dans des mondes connexes,&#8230; <a class=\"more-link\" href=\"http:\/\/oliviertredan.fr\/?p=302\">Continue Reading &rarr;<\/a><\/p>\n","protected":false},"author":42,"featured_media":0,"comment_status":"open","ping_status":"open","sticky":false,"template":"","format":"standard","meta":{"footnotes":""},"categories":[136,67],"tags":[97],"class_list":["post-302","post","type-post","status-publish","format-standard","hentry","category-archives","category-journalisme","tag-datajournalism"],"_links":{"self":[{"href":"http:\/\/oliviertredan.fr\/index.php?rest_route=\/wp\/v2\/posts\/302","targetHints":{"allow":["GET"]}}],"collection":[{"href":"http:\/\/oliviertredan.fr\/index.php?rest_route=\/wp\/v2\/posts"}],"about":[{"href":"http:\/\/oliviertredan.fr\/index.php?rest_route=\/wp\/v2\/types\/post"}],"author":[{"embeddable":true,"href":"http:\/\/oliviertredan.fr\/index.php?rest_route=\/wp\/v2\/users\/42"}],"replies":[{"embeddable":true,"href":"http:\/\/oliviertredan.fr\/index.php?rest_route=%2Fwp%2Fv2%2Fcomments&post=302"}],"version-history":[{"count":1,"href":"http:\/\/oliviertredan.fr\/index.php?rest_route=\/wp\/v2\/posts\/302\/revisions"}],"predecessor-version":[{"id":5669,"href":"http:\/\/oliviertredan.fr\/index.php?rest_route=\/wp\/v2\/posts\/302\/revisions\/5669"}],"wp:attachment":[{"href":"http:\/\/oliviertredan.fr\/index.php?rest_route=%2Fwp%2Fv2%2Fmedia&parent=302"}],"wp:term":[{"taxonomy":"category","embeddable":true,"href":"http:\/\/oliviertredan.fr\/index.php?rest_route=%2Fwp%2Fv2%2Fcategories&post=302"},{"taxonomy":"post_tag","embeddable":true,"href":"http:\/\/oliviertredan.fr\/index.php?rest_route=%2Fwp%2Fv2%2Ftags&post=302"}],"curies":[{"name":"wp","href":"https:\/\/api.w.org\/{rel}","templated":true}]}}