{"id":262,"date":"2009-07-17T13:51:03","date_gmt":"2009-07-17T12:51:03","guid":{"rendered":"http:\/\/oliviertredan.wordpress.com\/?p=262"},"modified":"2026-04-12T11:33:01","modified_gmt":"2026-04-12T09:33:01","slug":"dominique-cardon-internet-nouvel-espace-democratique","status":"publish","type":"post","link":"http:\/\/oliviertredan.fr\/?p=262","title":{"rendered":"Dominique Cardon : Internet, nouvel espace d\u00e9mocratique ?"},"content":{"rendered":"<p>Une s\u00e9rie d&#8217;entretiens de <a href=\"http:\/\/cems.ehess.fr\/document.php?id=155\">Dominique Cardon<\/a> publi\u00e9e par la <a href=\"http:\/\/www.laviedesidees.fr\/Internet-nouvel-espace.html\">Vie des id\u00e9es<\/a> autour du th\u00e8me d&#8217;Internet et de la d\u00e9mocratie :<\/p>\n<blockquote><p>&#8220;Internet enrichit les mani\u00e8res de pratiquer la d\u00e9mocratie. Dans cet entretien, Dominique Cardon d\u00e9finit cette \u00ab\u00a0forme politique originale\u00a0\u00bb qui pr\u00e9suppose l\u2019\u00e9galit\u00e9 des participants et offre un mod\u00e8le vertueux de coop\u00e9ration. Il note les \u00e9volutions actuelles li\u00e9es \u00e0 la massification des usages et \u00e0 la diversification des publics, tout en pointant les risques de reproduction sur la toile des hi\u00e9rarchies sociales traditionnelles.&#8221;<\/p><\/blockquote>\n<p>Ces entretiens ont \u00e9t\u00e9 r\u00e9alis\u00e9s lors d&#8217;un forum intitul\u00e9 &#8220;<em>R\u00e9inventer la d\u00e9mocratie<\/em>&#8221; qui s\u2019est tenu \u00e0 Grenoble les 8, 9 et 10 mai 2009, dont les d\u00e9bats ont \u00e9t\u00e9 retranscrits par <a href=\"http:\/\/www.internetactu.net\/2009\/05\/12\/reinventer-la-democratie-internet-nouvel-espace-democratique\/\">Internet Actu<\/a>.<\/p>\n","protected":false},"excerpt":{"rendered":"<p>Une s\u00e9rie d&#8217;entretiens de Dominique Cardon publi\u00e9e par la Vie des id\u00e9es autour du th\u00e8me d&#8217;Internet et de la d\u00e9mocratie : &#8220;Internet enrichit les mani\u00e8res de pratiquer la d\u00e9mocratie. Dans cet entretien, Dominique Cardon d\u00e9finit cette \u00ab\u00a0forme politique originale\u00a0\u00bb qui&#8230; <a class=\"more-link\" href=\"http:\/\/oliviertredan.fr\/?p=262\">Continue Reading &rarr;<\/a><\/p>\n","protected":false},"author":42,"featured_media":0,"comment_status":"open","ping_status":"open","sticky":false,"template":"","format":"standard","meta":{"footnotes":""},"categories":[136,60,66],"tags":[92,98,101],"class_list":["post-262","post","type-post","status-publish","format-standard","hentry","category-archives","category-conferences","category-internet","tag-cardon","tag-democratie","tag-espace-public"],"_links":{"self":[{"href":"http:\/\/oliviertredan.fr\/index.php?rest_route=\/wp\/v2\/posts\/262","targetHints":{"allow":["GET"]}}],"collection":[{"href":"http:\/\/oliviertredan.fr\/index.php?rest_route=\/wp\/v2\/posts"}],"about":[{"href":"http:\/\/oliviertredan.fr\/index.php?rest_route=\/wp\/v2\/types\/post"}],"author":[{"embeddable":true,"href":"http:\/\/oliviertredan.fr\/index.php?rest_route=\/wp\/v2\/users\/42"}],"replies":[{"embeddable":true,"href":"http:\/\/oliviertredan.fr\/index.php?rest_route=%2Fwp%2Fv2%2Fcomments&post=262"}],"version-history":[{"count":1,"href":"http:\/\/oliviertredan.fr\/index.php?rest_route=\/wp\/v2\/posts\/262\/revisions"}],"predecessor-version":[{"id":5672,"href":"http:\/\/oliviertredan.fr\/index.php?rest_route=\/wp\/v2\/posts\/262\/revisions\/5672"}],"wp:attachment":[{"href":"http:\/\/oliviertredan.fr\/index.php?rest_route=%2Fwp%2Fv2%2Fmedia&parent=262"}],"wp:term":[{"taxonomy":"category","embeddable":true,"href":"http:\/\/oliviertredan.fr\/index.php?rest_route=%2Fwp%2Fv2%2Fcategories&post=262"},{"taxonomy":"post_tag","embeddable":true,"href":"http:\/\/oliviertredan.fr\/index.php?rest_route=%2Fwp%2Fv2%2Ftags&post=262"}],"curies":[{"name":"wp","href":"https:\/\/api.w.org\/{rel}","templated":true}]}}