{"id":252,"date":"2009-03-25T14:29:44","date_gmt":"2009-03-25T13:29:44","guid":{"rendered":"http:\/\/oliviertredan.wordpress.com\/?p=252"},"modified":"2026-04-12T11:33:01","modified_gmt":"2026-04-12T09:33:01","slug":"lidentite-numerique-en-question","status":"publish","type":"post","link":"http:\/\/oliviertredan.fr\/?p=252","title":{"rendered":"L&#8217;identit\u00e9 num\u00e9rique en question"},"content":{"rendered":"<p>L&#8217;identit\u00e9 num\u00e9rique est travaill\u00e9e par un groupe de recherche <a href=\"http:\/\/www.prodoper.fr\">PRODOPER<\/a> (PROtection des DOnn\u00e9es PERsonnelles). Un num\u00e9ro de la revue Herm\u00e8s (n\u00b0 53 &#8211; avril 2009) est consacr\u00e9 \u00e0 la question. Le <a href=\"http:\/\/www.prodoper.fr\/spip.php?article7\">sommaire<\/a> est disponible sur le site de PRODOPER.<\/p>\n<blockquote><p>&#8220;<em>Utilisateur ou non d\u2019Internet, chaque citoyen est aujourd\u2019hui rep\u00e9rable par les donn\u00e9es qu\u2019il laisse, ou que d\u2019autres laissent sur lui, \u00e0 travers quantit\u00e9 de dispositifs (carte \u00e0 puce, titre de transport, t\u00e9l\u00e9phonie, mail, moteur de recherche, etc.). Ces traces d\u00e9pos\u00e9es et engendr\u00e9es par les r\u00e9seaux constituent un nouvel objet scientifique pour les \u00e9tudes de communication, en m\u00eame temps qu\u2019un d\u00e9fi pour nos d\u00e9mocraties. Les libert\u00e9s fondamentales sont en effet menac\u00e9es par l\u2019expansion sans pr\u00e9c\u00e9dent d\u2019une \u00ab\u00a0ombre num\u00e9rique\u00a0\u00bb, que nul ne peut contr\u00f4ler, mais qui est au c\u0153ur des strat\u00e9gies de l\u2019attention des \u00c9tats, des entreprises et des individus. (&#8230;) Brouillant les fronti\u00e8res entre espaces public et priv\u00e9, le tra\u00e7age n\u2019est pas pour autant un dysfonctionnement des r\u00e9seaux, mais une condition de leur efficacit\u00e9. Sans cette mobilisation des traces, l\u2019information ne pourrait \u00eatre ni personnalis\u00e9e, ni interconnect\u00e9e. (&#8230;) \u00c0 l\u2019heure o\u00f9 l\u2019opinion publique commence \u00e0 prendre conscience du probl\u00e8me, c\u2019est le moment de soutenir des mod\u00e8les alternatifs au libre \u00e9change des donn\u00e9es, pour mettre en place un habeas corpus num\u00e9rique et normaliser la protection des donn\u00e9es.<\/em>&#8220;<\/p><\/blockquote>\n<p>Un <a href=\"http:\/\/www.prodoper.fr\/spip.php?article4\">colloque<\/a> &#8211; Les \u00c9tats g\u00e9n\u00e9raux de l\u2019identit\u00e9 num\u00e9rique &#8211; est \u00e9galement organis\u00e9, m\u00ealant chercheurs et pratiquants, le 27 avril au Palais du Luxembourg.<\/p>\n","protected":false},"excerpt":{"rendered":"<p>L&#8217;identit\u00e9 num\u00e9rique est travaill\u00e9e par un groupe de recherche PRODOPER (PROtection des DOnn\u00e9es PERsonnelles). Un num\u00e9ro de la revue Herm\u00e8s (n\u00b0 53 &#8211; avril 2009) est consacr\u00e9 \u00e0 la question. Le sommaire est disponible sur le site de PRODOPER. &#8220;Utilisateur&#8230; <a class=\"more-link\" href=\"http:\/\/oliviertredan.fr\/?p=252\">Continue Reading &rarr;<\/a><\/p>\n","protected":false},"author":42,"featured_media":0,"comment_status":"open","ping_status":"open","sticky":false,"template":"","format":"standard","meta":{"footnotes":""},"categories":[136,72],"tags":[107,124],"class_list":["post-252","post","type-post","status-publish","format-standard","hentry","category-archives","category-publication","tag-identite-numerique","tag-prodoper"],"_links":{"self":[{"href":"http:\/\/oliviertredan.fr\/index.php?rest_route=\/wp\/v2\/posts\/252","targetHints":{"allow":["GET"]}}],"collection":[{"href":"http:\/\/oliviertredan.fr\/index.php?rest_route=\/wp\/v2\/posts"}],"about":[{"href":"http:\/\/oliviertredan.fr\/index.php?rest_route=\/wp\/v2\/types\/post"}],"author":[{"embeddable":true,"href":"http:\/\/oliviertredan.fr\/index.php?rest_route=\/wp\/v2\/users\/42"}],"replies":[{"embeddable":true,"href":"http:\/\/oliviertredan.fr\/index.php?rest_route=%2Fwp%2Fv2%2Fcomments&post=252"}],"version-history":[{"count":1,"href":"http:\/\/oliviertredan.fr\/index.php?rest_route=\/wp\/v2\/posts\/252\/revisions"}],"predecessor-version":[{"id":5675,"href":"http:\/\/oliviertredan.fr\/index.php?rest_route=\/wp\/v2\/posts\/252\/revisions\/5675"}],"wp:attachment":[{"href":"http:\/\/oliviertredan.fr\/index.php?rest_route=%2Fwp%2Fv2%2Fmedia&parent=252"}],"wp:term":[{"taxonomy":"category","embeddable":true,"href":"http:\/\/oliviertredan.fr\/index.php?rest_route=%2Fwp%2Fv2%2Fcategories&post=252"},{"taxonomy":"post_tag","embeddable":true,"href":"http:\/\/oliviertredan.fr\/index.php?rest_route=%2Fwp%2Fv2%2Ftags&post=252"}],"curies":[{"name":"wp","href":"https:\/\/api.w.org\/{rel}","templated":true}]}}