{"id":211,"date":"2008-07-08T19:54:24","date_gmt":"2008-07-08T18:54:24","guid":{"rendered":"http:\/\/oliviertredan.wordpress.com\/?p=211"},"modified":"2026-04-12T11:33:01","modified_gmt":"2026-04-12T09:33:01","slug":"the-show-must-go-on","status":"publish","type":"post","link":"http:\/\/oliviertredan.fr\/?p=211","title":{"rendered":"The show must go on&#8230;"},"content":{"rendered":"<p>La dite &#8220;blogosph\u00e8re&#8221; compte un nouveau retrait\u00e9 dans ses rangs. <a href=\"http:\/\/www.versac.net\/\">Versac<\/a> a annonc\u00e9 la suspension de son blog. La raison? La difficult\u00e9 d&#8217;assumer un statut de &#8220;blogueur influent&#8221;, statut d\u00e9nonc\u00e9 par ce dernier. Il a d&#8217;ailleurs demand\u00e9 quelques jours auparavant le retrait de son blog du classement wikio. Ces outils d&#8217;audience n&#8217;ont plus trop la c\u00f4te. Toutefois, si &#8220;la bulle m\u00e9diatique autour des blogs a engendr\u00e9 une sorte de monstre, qui est une invention stupide, le <em>blogueurinfluent<\/em>&#8220;, on remarquera que la R\u00e9publique des Blogs est soutenue par les <a href=\"http:\/\/influenceurs.net\">Influenceurs<\/a>. Ce ne sont donc pas les m\u00e9dias qui a engendr\u00e9 ce qualificatif. Passons.<\/p>\n<p>On notera plut\u00f4t le caract\u00e8re particuli\u00e8rement dynamique des mondes du blog. La disparition de Versac de ce monde &#8211; du moins dans sa version actuelle &#8211; n&#8217;entra\u00eene pas la disparition de ce monde bien au contraire. C&#8217;est d&#8217;ailleurs ce qui est soulign\u00e9 ces temps-ci : la d\u00e9n\u00e9gation d&#8217;une position dans l&#8217;espace m\u00e9diatique au profit d&#8217;une mise en valeur des pratiques &#8220;ordinaires&#8221; (<em>il y a des centaines, des milliers de &#8220;petits&#8221; blogs qui font la richesse de cet univers, <\/em>pour <a href=\"http:\/\/www.lemondedublog.com\/2008\/07\/ko-versac-arrete-son-blog.php\">Gilles Klein<\/a>).<\/p>\n<p>Moins de savoir qu&#8217;est ce que cet arr\u00eat va changer (certainement pas grand chose), c&#8217;est la question des causes de ces arr\u00eats. Derri\u00e8re les arr\u00eats successifs des m\u00e9ta-blogueurs (je classe Versac dans cette cat\u00e9gorie pour aller vite), des blogs qui parlent, qui citent des blogs, qui tentent l&#8217;actualit\u00e9 des blogs.<\/p>\n<p>En septembre 2004, c&#8217;est Jean-Luc Raymond, cr\u00e9ateur de MediaTIC, qui passait la main pour en faire un blog collectif. La raison? La trop grande concurrence, les conflits entre blogueurs reconnus certainement.<br \/>\nEn mai 2006, c&#8217;est une autre figure du blogging qui arr\u00eatait Pointblog. La raison? L&#8217;\u00e9chec du rachat du magazine par une bo\u00eete de communication. Pour plus de <a href=\"http:\/\/www.nanoblog.com\/past\/2006\/05\/lavage_de_linge_sale.htm\">d\u00e9tails<\/a>&#8230;<br \/>\nEn juillet 2008, le tour de Versac. La raison? L&#8217;insertion difficile des blogueurs dans un paysage m\u00e9diatique institu\u00e9e.<\/p>\n<p>Bref, chaque \u00e9pisode nous renseigne sur l&#8217;\u00e9tat d&#8217;un monde du blog particulier (cette &#8220;blogosph\u00e8re&#8221;) et illustre la perte d&#8217;autonomie progressive des blogueurs \u00e0 mesure qu&#8217;ils s&#8217;int\u00e8grent dans d&#8217;autres sph\u00e8res reconnues. Sans doute, l&#8217;analogie avec le monde des radios libres et le passage progressif \u00e0 celui des radios dites commerciales peut-elle en partie fonctionner. Des blogueurs sont en passe de r\u00e9ussir ou ont r\u00e9ussi \u00e0 se professionnaliser. Ainsi pense-t-on \u00e0 Fluctuat.net qui est entr\u00e9 dans le groupe Lagard\u00e8re, via l&#8217;acquisition de Doctissimo. Sans doute, se focaliser sur des individualit\u00e9s plac\u00e9es sous les coups de projecteur des m\u00e9dias n&#8217;est pas la bonne piste. Mais ces moments de crispation, d&#8217;arr\u00eat ont en commun d&#8217;\u00eatre un refus de nouvelles r\u00e8gles impos\u00e9es : &#8220;<em>Je ne me suis jamais senti \u00e0 l&#8217;aise parmi tout ce business, parfois cet \u00e9gocentrisme ou parfois encore ces int\u00e9r\u00eats personnels qui marquent de plus en plus le monde des blogs en France<\/em>&#8221; &#8211; <a href=\"http:\/\/mediatic.blogspot.com\/2004\/09\/mediatic-cest-fini-pour-moi-et.html\">MediaTIC<\/a> ; &#8220;<em>La bulle m\u00e9diatique autour des blogs a engendr\u00e9 une sorte de monstre, qui est une invention stupide, le <em>blogueurinfluent<\/em>. L&#8217;attention des media, qui a eu besoin de symboles, s&#8217;est cristallis\u00e9e autour de ce blog, comme un symbole du <em>blog politique<\/em><\/em>&#8221; &#8211; <a href=\"http:\/\/www.versac.net\/2008\/07\/fin-de-ce-blog.html\">Versac<\/a>. On voit donc dans ces deux propos un certaine vision du blogging devenue caduque du fait de l&#8217;entr\u00e9e de nouveaux acteurs qui imposent de nouvelles r\u00e8gles : la premi\u00e8re allusion fait sans doute r\u00e9f\u00e9rence \u00e0 Lo\u00efc Le Meur, la financiarisation de l&#8217;univers, la deuxi\u00e8me \u00e0 un r\u00f4le nouveau difficilement assumable, face \u00e0 des<a href=\"http:\/\/blogs.rtl.fr\/aphatie\/index.php\/post\/2008\/07\/04\/Reponse-a-Versac\"> journalistes<\/a> d\u00e9fendant leur pr\u00e9carr\u00e9. La virulence des propos d&#8217;Apathie (&#8220;La Toile, qui n&#8217;est pas que cela, est aussi une vertigineuse mise en ab\u00eeme d&#8217;\u00e9gos qui ne demandent qu&#8217;\u00e0 s&#8217;\u00e9taler. Dans le registre, Versac m\u00e9rite incontestablement le titre de grand pr\u00eatre \u00e0 casquette quatre \u00e9toiles&#8221;) n&#8217;est sans doute pas sans lien avec la d\u00e9cision pr\u00e9cipit\u00e9e de Versac.<\/p>\n","protected":false},"excerpt":{"rendered":"<p>La dite &#8220;blogosph\u00e8re&#8221; compte un nouveau retrait\u00e9 dans ses rangs. Versac a annonc\u00e9 la suspension de son blog. La raison? La difficult\u00e9 d&#8217;assumer un statut de &#8220;blogueur influent&#8221;, statut d\u00e9nonc\u00e9 par ce dernier. Il a d&#8217;ailleurs demand\u00e9 quelques jours auparavant&#8230; <a class=\"more-link\" href=\"http:\/\/oliviertredan.fr\/?p=211\">Continue Reading &rarr;<\/a><\/p>\n","protected":false},"author":42,"featured_media":0,"comment_status":"open","ping_status":"open","sticky":false,"template":"","format":"standard","meta":{"footnotes":""},"categories":[136,77],"tags":[],"class_list":["post-211","post","type-post","status-publish","format-standard","hentry","category-archives","category-uncategorized"],"_links":{"self":[{"href":"http:\/\/oliviertredan.fr\/index.php?rest_route=\/wp\/v2\/posts\/211","targetHints":{"allow":["GET"]}}],"collection":[{"href":"http:\/\/oliviertredan.fr\/index.php?rest_route=\/wp\/v2\/posts"}],"about":[{"href":"http:\/\/oliviertredan.fr\/index.php?rest_route=\/wp\/v2\/types\/post"}],"author":[{"embeddable":true,"href":"http:\/\/oliviertredan.fr\/index.php?rest_route=\/wp\/v2\/users\/42"}],"replies":[{"embeddable":true,"href":"http:\/\/oliviertredan.fr\/index.php?rest_route=%2Fwp%2Fv2%2Fcomments&post=211"}],"version-history":[{"count":1,"href":"http:\/\/oliviertredan.fr\/index.php?rest_route=\/wp\/v2\/posts\/211\/revisions"}],"predecessor-version":[{"id":5682,"href":"http:\/\/oliviertredan.fr\/index.php?rest_route=\/wp\/v2\/posts\/211\/revisions\/5682"}],"wp:attachment":[{"href":"http:\/\/oliviertredan.fr\/index.php?rest_route=%2Fwp%2Fv2%2Fmedia&parent=211"}],"wp:term":[{"taxonomy":"category","embeddable":true,"href":"http:\/\/oliviertredan.fr\/index.php?rest_route=%2Fwp%2Fv2%2Fcategories&post=211"},{"taxonomy":"post_tag","embeddable":true,"href":"http:\/\/oliviertredan.fr\/index.php?rest_route=%2Fwp%2Fv2%2Ftags&post=211"}],"curies":[{"name":"wp","href":"https:\/\/api.w.org\/{rel}","templated":true}]}}