{"id":193,"date":"2008-07-01T23:17:06","date_gmt":"2008-07-01T22:17:06","guid":{"rendered":"http:\/\/oliviertredan.wordpress.com\/?p=193"},"modified":"2026-04-12T11:33:01","modified_gmt":"2026-04-12T09:33:01","slug":"les-typologies-de-la-blogosphere-ont-la-cote","status":"publish","type":"post","link":"http:\/\/oliviertredan.fr\/?p=193","title":{"rendered":"Les typologies de la blogosph\u00e8re ont la cote \/ Pourquoi je n&#8217;aime pas les typologies (edit)"},"content":{"rendered":"<p>Apr\u00e8s la d\u00e9couverte tardive de la typologie propos\u00e9 par Embruns en 2004, remise au gout du jour par <a href=\"http:\/\/internetetopinion.wordpress.com\/2008\/06\/16\/la-typologie-de-la-blogosphere-selon-embruns-vieillerie-de-la-semaine\/\" target=\"_blank\">internetetopinion<\/a>, c&#8217;est au tour d&#8217;<a href=\"http:\/\/affordance.typepad.com\/mon_weblog\/2008\/06\/une-typologie-d.html\">Olivier Ertzscheid<\/a> de proposer la sienne, tir\u00e9e de son ouvrage sur le blogging, qui au passage ne prend pas en compte les blogs collectifs d&#8217;adolescents, pourtant nombreux.<\/p>\n<p><a href=\"http:\/\/oliviertredan.wordpress.com\/wp-content\/uploads\/2008\/07\/typo-blog1.jpg\"><img loading=\"lazy\" decoding=\"async\" class=\"alignleft size-medium wp-image-195\" src=\"http:\/\/oliviertredan.wordpress.com\/wp-content\/uploads\/2008\/07\/typo-blog1.jpg?w=300\" alt=\"\" width=\"300\" height=\"225\" srcset=\"http:\/\/oliviertredan.fr\/wp-content\/uploads\/2008\/07\/typo-blog1.jpg 720w, http:\/\/oliviertredan.fr\/wp-content\/uploads\/2008\/07\/typo-blog1-300x225.jpg 300w\" sizes=\"auto, (max-width: 300px) 100vw, 300px\" \/><\/a><\/p>\n<p>Celle fait suite \u00e0 deux autres propos\u00e9es : celle de Mathieu Paldacci, dans un article paru en 2003, <a href=\"http:\/\/www.google.fr\/url?sa=t&amp;ct=res&amp;cd=1&amp;url=http%3A%2F%2Fwww.cairn.info%2Fload_pdf.php%3FID_ARTICLE%3DTT_005_0007&amp;ei=7qdqSMa0M4n40QW5n-SdDA&amp;usg=AFQjCNF-SJmcWk6ue53mYm51DKBXd3yqcA&amp;sig2=lEiTUL_wBj46H5If_chvpg\">Les quatre mondes du journal intime en ligne<\/a> (PDF), puis celle de <a href=\"http:\/\/www.google.fr\/url?sa=t&amp;ct=res&amp;cd=1&amp;url=http%3A%2F%2Fwww.unige.ch%2Fses%2Fsocio%2Fpdrs%2Fprogramme%2F20072008%2Fcollectifsmorges%2FCardonBlogs.pdf&amp;ei=AHJrSJnxLI_S0QWx_r2iDA&amp;usg=AFQjCNGKH8MFSj0tejzETIlh0cu4eOaYNw&amp;sig2=nK48CbCUtjHY8YWNPH9d_Q\">Dominique Cardon et H\u00e9l\u00e8ne Delaunay-T\u00e9terel<\/a> (2005). Certes les entr\u00e9es choisies ne sont pas les m\u00eames, mais renvoie in fine \u00e0 une cartographie sensiblement identique dans la mani\u00e8re d&#8217;appr\u00e9hender le ph\u00e9nom\u00e8ne, autour de la double interrogation sur l&#8217;\u00e9nonciateur, sa mani\u00e8re de se pr\u00e9senter, de se mettre en sc\u00e8ne et la finalit\u00e9 de la publication et le r\u00e9cepteur envisag\u00e9.<\/p>\n<p><a href=\"http:\/\/oliviertredan.wordpress.com\/wp-content\/uploads\/2008\/07\/typo-paldacci1.jpg\"><img loading=\"lazy\" decoding=\"async\" class=\"alignnone size-medium wp-image-199\" src=\"http:\/\/oliviertredan.wordpress.com\/wp-content\/uploads\/2008\/07\/typo-paldacci1.jpg?w=300\" alt=\"\" width=\"300\" height=\"270\" srcset=\"http:\/\/oliviertredan.fr\/wp-content\/uploads\/2008\/07\/typo-paldacci1.jpg 633w, http:\/\/oliviertredan.fr\/wp-content\/uploads\/2008\/07\/typo-paldacci1-300x270.jpg 300w\" sizes=\"auto, (max-width: 300px) 100vw, 300px\" \/><\/a><\/p>\n<p><a href=\"http:\/\/oliviertredan.wordpress.com\/wp-content\/uploads\/2008\/07\/typo-cardon.jpg\"><img loading=\"lazy\" decoding=\"async\" class=\"alignnone size-medium wp-image-202\" src=\"http:\/\/oliviertredan.wordpress.com\/wp-content\/uploads\/2008\/07\/typo-cardon.jpg?w=266\" alt=\"\" width=\"266\" height=\"300\" srcset=\"http:\/\/oliviertredan.fr\/wp-content\/uploads\/2008\/07\/typo-cardon.jpg 876w, http:\/\/oliviertredan.fr\/wp-content\/uploads\/2008\/07\/typo-cardon-266x300.jpg 266w, http:\/\/oliviertredan.fr\/wp-content\/uploads\/2008\/07\/typo-cardon-768x865.jpg 768w\" sizes=\"auto, (max-width: 266px) 100vw, 266px\" \/><\/a><\/p>\n<p>Edit : Suite au commentaire d&#8217;Emmanuel Bruant, je vais tenter de justifier ce qui me d\u00e9range avec la pratique des typologies. C&#8217;est d&#8217;ailleurs le probl\u00e8me pos\u00e9 par toute typologie, sous-entendu par toute d\u00e9marche hypot\u00e9tico-d\u00e9ductive : elle pose un regard ancien sur un objet nouveau. Elle ne permet pas de saisir la richesse de ce qui se passe dans la construction d&#8217;univers singuliers en ligne. Elle tend \u00e0 plaquer des cat\u00e9gories pr\u00e9constitu\u00e9es, valid\u00e9es dans d&#8217;autres espaces sociaux autour d&#8217;oppositions telles que public\/priv\u00e9, intime\/extime, professionnel\/amateur, individuel\/collectif. Les typologies ont pour vertu la description, mais aussi en est la principale limite. Elle aplatit un monde en construction, ne prenant pas en compte son caract\u00e8re dynamique.<br \/>\nUne autre posture m\u00e9thodologique possible, une autre voie, est celle de l&#8217;induction. D\u00e9marche d\u00e9fendue par <a href=\"http:\/\/www.surlejournalisme.com\/lectures\/induction-in-journalism\/\">Florence Le Cam<\/a> :&#8221;the inductive perspective is more than an approach to discover the field, it is also an original and rigorous way to explain the process of production of science.&#8221;<\/p>\n<p>Partant de l\u00e0, si typologie il peut y avoir, elle doit \u00eatre le fruit d&#8217;un travail de terrain et non le pr\u00e9texte \u00e0 validation d&#8217;une grille de lecture (trop?) g\u00e9n\u00e9ralisante.<\/p>\n<p><img decoding=\"async\" class=\"alignnone\" src=\"http:\/\/affordance.typepad.com\/.shared\/image.html?\/photos\/uncategorized\/2008\/06\/16\/diapositive1_3.jpg\" alt=\"\" \/><\/p>\n","protected":false},"excerpt":{"rendered":"<p>Apr\u00e8s la d\u00e9couverte tardive de la typologie propos\u00e9 par Embruns en 2004, remise au gout du jour par internetetopinion, c&#8217;est au tour d&#8217;Olivier Ertzscheid de proposer la sienne, tir\u00e9e de son ouvrage sur le blogging, qui au passage ne prend&#8230; <a class=\"more-link\" href=\"http:\/\/oliviertredan.fr\/?p=193\">Continue Reading &rarr;<\/a><\/p>\n","protected":false},"author":42,"featured_media":0,"comment_status":"open","ping_status":"open","sticky":false,"template":"","format":"standard","meta":{"footnotes":""},"categories":[136,61,73],"tags":[88,108,129],"class_list":["post-193","post","type-post","status-publish","format-standard","hentry","category-archives","category-divers-et-varies","category-reflexions-sur-le-blogging","tag-blog","tag-induction","tag-typologie"],"_links":{"self":[{"href":"http:\/\/oliviertredan.fr\/index.php?rest_route=\/wp\/v2\/posts\/193","targetHints":{"allow":["GET"]}}],"collection":[{"href":"http:\/\/oliviertredan.fr\/index.php?rest_route=\/wp\/v2\/posts"}],"about":[{"href":"http:\/\/oliviertredan.fr\/index.php?rest_route=\/wp\/v2\/types\/post"}],"author":[{"embeddable":true,"href":"http:\/\/oliviertredan.fr\/index.php?rest_route=\/wp\/v2\/users\/42"}],"replies":[{"embeddable":true,"href":"http:\/\/oliviertredan.fr\/index.php?rest_route=%2Fwp%2Fv2%2Fcomments&post=193"}],"version-history":[{"count":1,"href":"http:\/\/oliviertredan.fr\/index.php?rest_route=\/wp\/v2\/posts\/193\/revisions"}],"predecessor-version":[{"id":5684,"href":"http:\/\/oliviertredan.fr\/index.php?rest_route=\/wp\/v2\/posts\/193\/revisions\/5684"}],"wp:attachment":[{"href":"http:\/\/oliviertredan.fr\/index.php?rest_route=%2Fwp%2Fv2%2Fmedia&parent=193"}],"wp:term":[{"taxonomy":"category","embeddable":true,"href":"http:\/\/oliviertredan.fr\/index.php?rest_route=%2Fwp%2Fv2%2Fcategories&post=193"},{"taxonomy":"post_tag","embeddable":true,"href":"http:\/\/oliviertredan.fr\/index.php?rest_route=%2Fwp%2Fv2%2Ftags&post=193"}],"curies":[{"name":"wp","href":"https:\/\/api.w.org\/{rel}","templated":true}]}}