{"id":149,"date":"2007-10-24T22:54:58","date_gmt":"2007-10-24T22:54:58","guid":{"rendered":"http:\/\/oliviertredan.wordpress.com\/2007\/10\/24\/u-blog-vit-ses-derniers-instants-edit-le-service-est-ferme\/"},"modified":"2026-04-12T11:32:39","modified_gmt":"2026-04-12T09:32:39","slug":"u-blog-vit-ses-derniers-instants-edit-le-service-est-ferme","status":"publish","type":"post","link":"http:\/\/oliviertredan.fr\/?p=149","title":{"rendered":"U-blog vit ses derniers instants (edit : le service est ferm\u00e9)"},"content":{"rendered":"<p>Billet commenc\u00e9 dans la journ\u00e9e et termin\u00e9 les portes d&#8217;U-blog clauses :<\/p>\n<p>Annonc\u00e9 il y a quelques semaines (sur Pointblog par exemple), la plate-forme de blogs <a href=\"http:\/\/www.u-blog.net\/\">U-blog<\/a> ferme ses portes. Pionni\u00e8re, elle a \u00e9t\u00e9 la seconde plate-forme fran\u00e7aise, apr\u00e8s <a href=\"http:\/\/joueb.com\/\">Joueb<\/a>.<\/p>\n<p>Cette fermeture annonc\u00e9e, mais non effective, donne lieu \u00e0 deux pratiques :  la fuite et l&#8217;attente. La fuite, trouv\u00e9e une autre solution d&#8217;h\u00e9bergement, puis un moyen de transf\u00e9rer ces archives. Cette fuite n&#8217;est certes pas li\u00e9e \u00e0 l&#8217;annonce de l&#8217;imminence de cette fermeture &#8211; m\u00eame si sans doute elle y a fortement contribu\u00e9 &#8211; mais davantage \u00e0 une d\u00e9gradation du service (absence de fitres &#8216;anti-splog&#8217; &#8211;<em> <font size=\"-1\">mot-valise issu de la contraction des mots spam et blog<\/font><\/em>). Pour preuve, les derniers classements et s\u00e9lection effectu\u00e9s par l&#8217;h\u00e9bergeur remontent \u00e0 mars-avril 2007.<\/p>\n<p>Pour l&#8217;histoire ou l&#8217;anecdote, il est remarquable que quelques <em>u-blogueurs<\/em> ont \u00e9lu domicile sur <a href=\"http:\/\/www.karmaos.com\">KarmaOS<\/a>, plate-forme lanc\u00e9e en juin dernier par St\u00e9phane Le Solliec, qui n&#8217;est autre que&#8230; le cr\u00e9ateur d&#8217;U-blog.<\/p>\n","protected":false},"excerpt":{"rendered":"<p>Billet commenc\u00e9 dans la journ\u00e9e et termin\u00e9 les portes d&#8217;U-blog clauses : Annonc\u00e9 il y a quelques semaines (sur Pointblog par exemple), la plate-forme de blogs U-blog ferme ses portes. Pionni\u00e8re, elle a \u00e9t\u00e9 la seconde plate-forme fran\u00e7aise, apr\u00e8s Joueb&#8230;. <a class=\"more-link\" href=\"http:\/\/oliviertredan.fr\/?p=149\">Continue Reading &rarr;<\/a><\/p>\n","protected":false},"author":42,"featured_media":0,"comment_status":"open","ping_status":"open","sticky":false,"template":"","format":"standard","meta":{"footnotes":""},"categories":[136,77],"tags":[],"class_list":["post-149","post","type-post","status-publish","format-standard","hentry","category-archives","category-uncategorized"],"_links":{"self":[{"href":"http:\/\/oliviertredan.fr\/index.php?rest_route=\/wp\/v2\/posts\/149","targetHints":{"allow":["GET"]}}],"collection":[{"href":"http:\/\/oliviertredan.fr\/index.php?rest_route=\/wp\/v2\/posts"}],"about":[{"href":"http:\/\/oliviertredan.fr\/index.php?rest_route=\/wp\/v2\/types\/post"}],"author":[{"embeddable":true,"href":"http:\/\/oliviertredan.fr\/index.php?rest_route=\/wp\/v2\/users\/42"}],"replies":[{"embeddable":true,"href":"http:\/\/oliviertredan.fr\/index.php?rest_route=%2Fwp%2Fv2%2Fcomments&post=149"}],"version-history":[{"count":1,"href":"http:\/\/oliviertredan.fr\/index.php?rest_route=\/wp\/v2\/posts\/149\/revisions"}],"predecessor-version":[{"id":5666,"href":"http:\/\/oliviertredan.fr\/index.php?rest_route=\/wp\/v2\/posts\/149\/revisions\/5666"}],"wp:attachment":[{"href":"http:\/\/oliviertredan.fr\/index.php?rest_route=%2Fwp%2Fv2%2Fmedia&parent=149"}],"wp:term":[{"taxonomy":"category","embeddable":true,"href":"http:\/\/oliviertredan.fr\/index.php?rest_route=%2Fwp%2Fv2%2Fcategories&post=149"},{"taxonomy":"post_tag","embeddable":true,"href":"http:\/\/oliviertredan.fr\/index.php?rest_route=%2Fwp%2Fv2%2Ftags&post=149"}],"curies":[{"name":"wp","href":"https:\/\/api.w.org\/{rel}","templated":true}]}}