{"id":145,"date":"2007-09-26T13:58:36","date_gmt":"2007-09-26T13:58:36","guid":{"rendered":"http:\/\/oliviertredan.wordpress.com\/2007\/09\/26\/la-fin-des-blogs-de-journalistes\/"},"modified":"2026-04-12T11:32:22","modified_gmt":"2026-04-12T09:32:22","slug":"la-fin-des-blogs-de-journalistes","status":"publish","type":"post","link":"http:\/\/oliviertredan.fr\/?p=145","title":{"rendered":"La fin des blogs de journalistes?"},"content":{"rendered":"<p>C&#8217;est en tout cas un constat que font certains journalistes, en particulier un de <em>20 minutes<\/em> <a href=\"http:\/\/carzon.blog.20minutes.fr\/\">David Carzon<\/a>. Ce dernier estime, sur le blog de <a href=\"http:\/\/vanb.typepad.com\/versac\/2007\/09\/pourquoi-le-blo.html\">Versac<\/a>, que &#8220;<span style=\"font-style:italic;\">S\u2019il y a une chose qui n\u2019a (presque) plus de raison d\u2019\u00eatre, c\u2019est le blog de journalistes. A part les arbres Apathie et consorts qui cachent la for\u00eat des soutiers de l\u2019info, vous en lisez beaucoup vous des carnets tenus par des r\u00e9dacteurs et qui les utilisent en compl\u00e9ment de leurs articles ou de leurs activit\u00e9s professionnelles ?<\/span>&#8221;<\/p>\n<p>Pour <a href=\"http:\/\/blogonautes.blogomaniac.fr\/blogonautes-1234-david_carzon__20_minutes_estime_que_les_blogs_de_journalistes_nont__presque_plus_de_raison_detre.htm\">Blogonautes<\/a>, &#8220;David Carzon reconna\u00eet qu&#8217;on &#8220;<span style=\"font-style:italic;\">aurait pu croire que le blog \u00e9tait l\u2019outil id\u00e9al pour tisser un lien entre les journalistes de r\u00e9daction dite classique et leurs lecteurs, notamment parce qu\u2019il permet une plus grande libert\u00e9 d\u2019\u00e9criture et \u00e9videmment une plus grande interactivit\u00e9<\/span>&#8220;. Mais il estime que c&#8217;est une illusion, et explique pourquoi.<\/p>\n<p>&#8220;<span style=\"font-style:italic;\">D\u2019abord parce qu\u2019il est difficile pour un journaliste de pouvoir alimenter un blog \u00e0 caract\u00e8re professionnel avec la pression de rendement qui existe dans la plupart des r\u00e9dactions. C\u2019est pour \u00e7a qu\u2019apr\u00e8s un moment d\u2019euphorie o\u00f9 les notes s\u2019empilent tous les jours, le rythme finit par se ralentir. Ensuite parce qu\u2019il faut le nourrir avec du contenu original ou int\u00e9ressant<\/span>&#8221; explique-t-il.<\/p>\n<p>Bref, une sorte d&#8217;aveu d&#8217;\u00e9chec d&#8217;un journaliste, mais qui fait \u00e9cho \u00e0 d&#8217;autres cas de figure, comme celui de Guy Birenbaum, aussi journaliste \u00e0 20 minutes qui a stop\u00e9 son blog le 3 septembre dernier&#8230; pour devenir r\u00e9dacteur sur <a href=\"http:\/\/www.lepost.fr\/perso\/birenbaum\/\" title=\"http:\/\/www.lepost.fr\/perso\/birenbaum\/\" target=\"_blank\">Lepost.fr<\/a>. C&#8217;est peut-\u00eatre moins l&#8217;id\u00e9al\u00a0 d&#8217;un lien direct entre un &#8220;journaliste blogueur&#8221; et son public, via un dispositif clairement port\u00e9 et identifi\u00e9 par un m\u00e9dia &#8220;classique&#8221; (en l&#8217;occurence 20 minutes) que l&#8217;attrait pour les nouveaux dispositifs qui disposent d&#8217;une image de marque pour l&#8217;instant tr\u00e8s positive. Et avec elle, un renouveau attendu et esp\u00e9r\u00e9 du journalisme par la co-existence du journaliste et de son public de &#8220;citoyens&#8221;.<\/p>\n<p>Encore qu&#8217;une raison plus mat\u00e9rielle soit avanc\u00e9e par <a href=\"http:\/\/www.liberation.fr\/actualite\/ecrans\/277415.FR.php\" target=\"_blank\">Lib\u00e9<\/a> : &#8220;Peut-\u00eatre aussi parce que Lepost.fr, contrairement \u00e0 20minutes.fr, le r\u00e9mun\u00e8re pour son blog ? <em>\u00abCe n&#8217;est pas pour \u00e7a que je rejoins le Post, mais c&#8217;est vrai que j&#8217;ai un contrat avec eux sur la pub<\/em><em>\u00bb, <\/em>dit le journaliste.&#8221;<\/p>\n","protected":false},"excerpt":{"rendered":"<p>C&#8217;est en tout cas un constat que font certains journalistes, en particulier un de 20 minutes David Carzon. Ce dernier estime, sur le blog de Versac, que &#8220;S\u2019il y a une chose qui n\u2019a (presque) plus de raison d\u2019\u00eatre, c\u2019est&#8230; <a class=\"more-link\" href=\"http:\/\/oliviertredan.fr\/?p=145\">Continue Reading &rarr;<\/a><\/p>\n","protected":false},"author":42,"featured_media":0,"comment_status":"open","ping_status":"open","sticky":false,"template":"","format":"standard","meta":{"footnotes":""},"categories":[136,68],"tags":[],"class_list":["post-145","post","type-post","status-publish","format-standard","hentry","category-archives","category-journalisme-citoyen"],"_links":{"self":[{"href":"http:\/\/oliviertredan.fr\/index.php?rest_route=\/wp\/v2\/posts\/145","targetHints":{"allow":["GET"]}}],"collection":[{"href":"http:\/\/oliviertredan.fr\/index.php?rest_route=\/wp\/v2\/posts"}],"about":[{"href":"http:\/\/oliviertredan.fr\/index.php?rest_route=\/wp\/v2\/types\/post"}],"author":[{"embeddable":true,"href":"http:\/\/oliviertredan.fr\/index.php?rest_route=\/wp\/v2\/users\/42"}],"replies":[{"embeddable":true,"href":"http:\/\/oliviertredan.fr\/index.php?rest_route=%2Fwp%2Fv2%2Fcomments&post=145"}],"version-history":[{"count":1,"href":"http:\/\/oliviertredan.fr\/index.php?rest_route=\/wp\/v2\/posts\/145\/revisions"}],"predecessor-version":[{"id":5629,"href":"http:\/\/oliviertredan.fr\/index.php?rest_route=\/wp\/v2\/posts\/145\/revisions\/5629"}],"wp:attachment":[{"href":"http:\/\/oliviertredan.fr\/index.php?rest_route=%2Fwp%2Fv2%2Fmedia&parent=145"}],"wp:term":[{"taxonomy":"category","embeddable":true,"href":"http:\/\/oliviertredan.fr\/index.php?rest_route=%2Fwp%2Fv2%2Fcategories&post=145"},{"taxonomy":"post_tag","embeddable":true,"href":"http:\/\/oliviertredan.fr\/index.php?rest_route=%2Fwp%2Fv2%2Ftags&post=145"}],"curies":[{"name":"wp","href":"https:\/\/api.w.org\/{rel}","templated":true}]}}