{"id":138,"date":"2007-06-14T08:57:01","date_gmt":"2007-06-14T08:57:01","guid":{"rendered":"http:\/\/oliviertredan.wordpress.com\/2007\/06\/14\/revue-hermes-sur-les-paroles-publiques\/"},"modified":"2026-04-12T11:32:23","modified_gmt":"2026-04-12T09:32:23","slug":"revue-hermes-sur-les-paroles-publiques","status":"publish","type":"post","link":"http:\/\/oliviertredan.fr\/?p=138","title":{"rendered":"Revue Herm\u00e8s sur les Paroles Publiques"},"content":{"rendered":"<p><font color=\"#000000\">Coordinatrices de <\/font><font color=\"#000000\"><a href=\"http:\/\/www.voxinternet.fr\/breve.php3?id_breve=30\">la derni\u00e8re livraison d&#8217;<em>Herm\u00e8s<\/em><\/a>, <\/font><font color=\"#000000\"> <a href=\"http:\/\/www.voxinternet.org\/auteur.php3?id_auteur=2\" target=\"_blank\">Fran\u00e7oise Massit-Foll\u00e9a<\/a> (C2SO \/ ENS-LSH) et <a href=\"http:\/\/www.csi.ensmp.fr\/index.php?page=EChercheurs&amp;lang=&amp;IdM=5\">C\u00e9cile M\u00e9adel<\/a> (CSI) sont parties du constat que<\/p>\n<p><\/font><\/p>\n<blockquote><p><font size=\"2\"><font face=\"Times, serif\"><font size=\"2\"><font face=\"Times, serif\"><font color=\"#000000\">&#8220;<em>d<\/em><\/font><em>epuis plusieurs ann\u00e9es, les d\u00e9bats publics ne sont plus r\u00e9serv\u00e9s aux professionnels de la politique et aux experts patent\u00e9s. La multiplication des moyens de communication &#8211; et notamment l\u2019internet &#8211; ouvre de nouveaux espaces o\u00f9 se discutent, s\u2019\u00e9laborent, s\u2019affichent des arguments et des opinions sur la vie politique et sociale. <\/em><\/font><\/font><\/font><\/font><\/p>\n<p><font size=\"2\"><font face=\"Times, serif\"><font size=\"2\"><font face=\"Times, serif\"><font size=\"2\"><font face=\"Times, serif\"><font size=\"2\"><font face=\"Times, serif\"><font size=\"2\"><font face=\"Times, serif\"><font size=\"2\"><font face=\"Times, serif\"><font size=\"2\"><font face=\"Times, serif\"><em>Ce num\u00e9ro de la revue <\/em><em>Herm\u00e8s s\u2019int\u00e9resse aux \u00e9changes collectifs qui s\u2019op\u00e8rent \u00e0 travers diff\u00e9rents m\u00e9dias en analysant un ensemble de cas tr\u00e8s vari\u00e9s. Le d\u00e9bat public sur le troisi\u00e8me a\u00e9roport en Picardie. Le site internet des partisans de S\u00e9gol\u00e8ne Royal. Une controverse autour des \u00e9oliennes. Une \u00e9mission de libre antenne radiophonique \u00e0 destination des adolescents. Les langages inventifs \u00e9labor\u00e9s autour des \u00e9meutes des banlieues. Les militants \u00e9lectroniques de la sant\u00e9. Les divers mod\u00e8les de \u00ab blogs citoyens \u00bb&#8230; Ces \u00e9changes \u00e0 distance peuvent \u00eatre format\u00e9s selon certaines normes ou se pr\u00e9senter comme spontan\u00e9s. Selon les cas, ils proposent un recadrage ou une lib\u00e9ration de la parole ordinaire ; ils peuvent se soucier, ou non, de l\u00e9gitimit\u00e9 et de v\u00e9rit\u00e9. Mais tous ont un point commun : ils t\u00e9moignent de styles in\u00e9dits de repr\u00e9sentation politique qui transforment la figure du citoyen, le rapport gouvernants- gouvern\u00e9s et les formes de l\u2019argumentation. Comment la circulation de ces \u00ab paroles publiques \u00bb de plus en plus h\u00e9t\u00e9rog\u00e8nes est-elle susceptible de d\u00e9boucher sur l\u2019int\u00e9r\u00eat collectif ? C\u2019est la question centrale de ce volume.<\/em>&#8220;<\/font><\/font><\/font><\/font><\/font><\/font><\/font><\/font><\/font><\/font><\/font><\/font><\/font><\/font><\/p><\/blockquote>\n<p>Dans ce num\u00e9ro, une publication sur le &#8216;journalisme citoyen&#8217; (<a href=\"http:\/\/www.surlejournalisme.com\/textes-en-partage\/lectures\/journalisme-citoyen\/\" target=\"_blank\">un brouillon en ligne<\/a>).<\/p>\n<p>Source : <a href=\"http:\/\/www.surlejournalisme.com\/2007\/06\/14\/parution-du-numero-47-de-hermes-consacree-aux-paroles-ubliques-communiquer-dans-la-cite\/\">Surlejournalisme.com\u00a0<\/a><\/p>\n<blockquote><\/blockquote>\n<p style=\"margin-bottom:0;\" align=\"justify\">&nbsp;<\/p>\n<p align=\"justify\"><font size=\"2\"><font face=\"Times, serif\"><font size=\"2\"><font face=\"Times, serif\"><font size=\"2\"><font face=\"Times, serif\"><font size=\"2\"><font face=\"Times, serif\"><font size=\"2\"><font face=\"Times, serif\"><font size=\"2\"><font face=\"Times, serif\"><font size=\"2\"><font size=\"2\"><font face=\"Times, serif\"><font size=\"2\"><font face=\"Times, serif\"><font size=\"2\"><font face=\"Times, serif\"><font size=\"2\"><font face=\"Times, serif\"><font size=\"2\"><font size=\"2\"><font face=\"Times, serif\"><font size=\"2\"><font face=\"Times, serif\"><font size=\"2\"><font size=\"2\"><font face=\"Times, serif\"><font size=\"2\"><font face=\"Times, serif\"><font face=\"Times, serif\"><font size=\"2\"><font face=\"Times, serif\"><font color=\"#000000\"><\/p>\n<p><\/font><\/font><\/font><\/font><\/font><\/font><\/font><\/font><\/font><\/font><\/font><\/font><\/font><\/font><\/font><\/font><\/font><\/font><\/font><\/font><\/font><\/font><\/font><\/font><\/font><\/font><\/font><\/font><\/font><\/font><\/font><\/font><\/font><\/font><\/font><\/p>\n","protected":false},"excerpt":{"rendered":"<p>Coordinatrices de la derni\u00e8re livraison d&#8217;Herm\u00e8s, Fran\u00e7oise Massit-Foll\u00e9a (C2SO \/ ENS-LSH) et C\u00e9cile M\u00e9adel (CSI) sont parties du constat que &#8220;depuis plusieurs ann\u00e9es, les d\u00e9bats publics ne sont plus r\u00e9serv\u00e9s aux professionnels de la politique et aux experts patent\u00e9s. La&#8230; <a class=\"more-link\" href=\"http:\/\/oliviertredan.fr\/?p=138\">Continue Reading &rarr;<\/a><\/p>\n","protected":false},"author":42,"featured_media":0,"comment_status":"open","ping_status":"open","sticky":false,"template":"","format":"standard","meta":{"footnotes":""},"categories":[136,72],"tags":[],"class_list":["post-138","post","type-post","status-publish","format-standard","hentry","category-archives","category-publication"],"_links":{"self":[{"href":"http:\/\/oliviertredan.fr\/index.php?rest_route=\/wp\/v2\/posts\/138","targetHints":{"allow":["GET"]}}],"collection":[{"href":"http:\/\/oliviertredan.fr\/index.php?rest_route=\/wp\/v2\/posts"}],"about":[{"href":"http:\/\/oliviertredan.fr\/index.php?rest_route=\/wp\/v2\/types\/post"}],"author":[{"embeddable":true,"href":"http:\/\/oliviertredan.fr\/index.php?rest_route=\/wp\/v2\/users\/42"}],"replies":[{"embeddable":true,"href":"http:\/\/oliviertredan.fr\/index.php?rest_route=%2Fwp%2Fv2%2Fcomments&post=138"}],"version-history":[{"count":1,"href":"http:\/\/oliviertredan.fr\/index.php?rest_route=\/wp\/v2\/posts\/138\/revisions"}],"predecessor-version":[{"id":5636,"href":"http:\/\/oliviertredan.fr\/index.php?rest_route=\/wp\/v2\/posts\/138\/revisions\/5636"}],"wp:attachment":[{"href":"http:\/\/oliviertredan.fr\/index.php?rest_route=%2Fwp%2Fv2%2Fmedia&parent=138"}],"wp:term":[{"taxonomy":"category","embeddable":true,"href":"http:\/\/oliviertredan.fr\/index.php?rest_route=%2Fwp%2Fv2%2Fcategories&post=138"},{"taxonomy":"post_tag","embeddable":true,"href":"http:\/\/oliviertredan.fr\/index.php?rest_route=%2Fwp%2Fv2%2Ftags&post=138"}],"curies":[{"name":"wp","href":"https:\/\/api.w.org\/{rel}","templated":true}]}}