{"id":137,"date":"2007-06-14T09:06:17","date_gmt":"2007-06-14T09:06:17","guid":{"rendered":"http:\/\/oliviertredan.wordpress.com\/2007\/06\/14\/communautes-et-mediation-technique\/"},"modified":"2026-04-12T11:32:23","modified_gmt":"2026-04-12T09:32:23","slug":"communautes-et-mediation-technique","status":"publish","type":"post","link":"http:\/\/oliviertredan.fr\/?p=137","title":{"rendered":"Communaut\u00e9s et m\u00e9diation technique"},"content":{"rendered":"<p>Les communaut\u00e9s sont dans l&#8217;air du temps. Moins empiriquement que pr\u00e9sente dans les discours ou dans les projets d&#8217;industries de contenus et m\u00eame de la part d&#8217;industries plus traditionnelles. C&#8217;est du moins l&#8217;intention de Coca-Cola, selon <a href=\"http:\/\/www.journaldunet.com\/breve\/mobile\/12749\/coca-cola-va-lancer-son-reseau-social-aux-etats-unis.shtml\">Le Journal du Net<\/a> :<\/p>\n<blockquote><p>&#8220;<em>Coca-Cola va lancer le 22 juin aux Etats-Unis son r\u00e9seau social accessible uniquement sur t\u00e9l\u00e9phone portable. Les membres de ce r\u00e9seau, r\u00e9unis sous la marque Sprite, peuvent notamment \u00e9changer avec leurs amis et mettre des photos en ligne<\/em>&#8220;.<\/p><\/blockquote>\n<p>Soit, un acteur \u00e9conomique cherche \u00e0 f\u00e9d\u00e9rer des consommateurs autour d&#8217;un dispositif technique. Bref, on est dans l&#8217;\u00e8re du consomm-acteur, o\u00f9 quelques choses dans le genre. Autant dire que la nouvelle image du public, symbolis\u00e9 par le possesseur de terminaux (en particulier mobile) capables de g\u00e9n\u00e9rer du contenu, induit de nouvelles techniques de marketing pour le capter.  Rien de nouveau en somme.<\/p>\n<p>Mais c&#8217;est cette g\u00e9n\u00e9ralisation de l&#8217;image de l&#8217;individu qui n&#8217;est plus seulement actif, mais atomis\u00e9, en interactions \u00e9ph\u00e9m\u00e8res sur des sites sp\u00e9cialis\u00e9s autour de pratiques tr\u00e8s rationnalis\u00e9es &#8211; comme il pouvait \u00eatre consid\u00e9r\u00e9 encore jusqu&#8217;\u00e0 peu. La norme qui semble s&#8217;imposer est celle de la communaut\u00e9 : l&#8217;individu est int\u00e9gr\u00e9 dans de nouvelles formes collectives, relativement peu structur\u00e9es, peu orient\u00e9 vers la r\u00e9alisation d&#8217;un projet collectif. Davantage, sa participation sur des motifs personnels permettrait de donner du sens \u00e0 un niveau m\u00e9ta. En l&#8217;occurence, ce serait le dispositif qui en lui serait g\u00e9n\u00e9rateur de sens. On pense tout de suite \u00e0 la plate-forme Myspace : ce qui r\u00e9unit les individus n&#8217;est pas la musique en soi, mais le dispositif. La finalit\u00e9 serait d&#8217;en \u00eatre, faire du r\u00e9seautage pour du r\u00e9seautage. Sans doute, Second Life en a donn\u00e9 une autre illustration : l&#8217;exploration de nouveaux mondes num\u00e9riques serait en elle-m\u00eame une finalit\u00e9 puisque le simple fait d&#8217;\u00eatre pr\u00e9sent dans ces espaces suffiraient \u00e0 motiver les pratiques individuelles.<\/p>\n<p>A cette juxtaposition des motivations et actions individuelles, le dispositif serait \u00e9galement suffisament pertinent pour g\u00e9n\u00e9rer une forme d&#8217;intelligence collective, puisque le dispositif est le projet. Moyen et finalit\u00e9 serait indissociable. N&#8217;est ce pas le sens du Web 2.0 : des dispositifs pour la cr\u00e9ation de r\u00e9seaux sociaux  dont la finalit\u00e9 serait la cr\u00e9ation de r\u00e9seaux sociaux.<\/p>\n<p>On retombe sur la vieille d\u00e9finition de Rheingold a propos des communaut\u00e9s virtuelles : &#8220;des regroupements socio-culturels qui \u00e9mergent du r\u00e9seau lorsqu&#8217;un nombre suffisant d&#8217;individus participent \u00e0 ces discutions publiques pendant assez de temps en y mettant suffisamment de coeur pour que des r\u00e9seaux de relations humaines se tissent au sein du cyberespace.&#8221; Difficile de faire plus vague : nombre suffisant, assez de temps, avec suffisamment d&#8217;intensit\u00e9. Reste en suspend la question d&#8217;un imaginaire partag\u00e9 qui donne du sens au pratique sociale des individus. Or, c&#8217;est cette question d&#8217;imaginaire, de repr\u00e9sentations qui permet d&#8217;\u00e9clairer la structuration des communaut\u00e9s :<\/p>\n<p style=\"margin-bottom:0;\">\u00ab la signification subjective que le groupe a pour ses membres consistent dans la connaissance mutuelle de la situation, et avec un syst\u00e8me commun de typification et de pertinence. \u00bb (A.S., 1976, P. 251)<\/p>\n<p style=\"margin-bottom:0;\">Par cons\u00e9quent, la communaut\u00e9 ne prend forme qu&#8217;au travers du syst\u00e8me de typifications partag\u00e9 et  dans la distribution des r\u00f4les au sein de la communaut\u00e9. Par cons\u00e9quent, r\u00f4les et conventions ne sont pas fig\u00e9es, mais en perp\u00e9tuelle invention du fait de l&#8217;intersubjectivit\u00e9 entre les membres, mais aussi de l&#8217;incertitude entre les membres.<\/p>\n<p style=\"margin-bottom:0;\">&nbsp;<\/p>\n<p style=\"margin-bottom:0;\">Communaut\u00e9 \u00e9lectronique :<\/p>\n<ul>\n<li>\n<p style=\"margin-bottom:0;\">relations interpersonnelles \tdirectes et durables entre les membres ;<\/p>\n<\/li>\n<li>\n<p style=\"margin-bottom:0;\">sentiment d&#8217;appartenance ;<\/p>\n<\/li>\n<\/ul>\n<ul>\n<li>\n<p style=\"margin-bottom:0;\">production de biens collectifs ;<\/p>\n<\/li>\n<li>\n<p style=\"margin-bottom:0;\">espace commun de rencontres \tr\u00e9guli\u00e8res<\/p>\n<\/li>\n<li>\n<p style=\"margin-bottom:0;\">syst\u00e8me de r\u00e9f\u00e9rences \tpartag\u00e9 \u00e0 l&#8217;int\u00e9rieur de la communaut\u00e9, \tcomportant une connaissance commune (r\u00f4les et statuts, rites \td&#8217;initiation des nouveaux membres, conventions, valeurs)<\/p>\n<\/li>\n<\/ul>\n<p style=\"margin-bottom:0;\">&nbsp;<\/p>\n<p style=\"margin-bottom:0;\">Cette notion de communaut\u00e9 m\u00e9rite d&#8217;\u00eatre d\u00e9velopp\u00e9e et int\u00e9ressante dans la mesure o\u00f9 elle interroge la place des artefacts techniques dans la production communautaire.<\/p>\n<p style=\"margin-bottom:0;\">Au prisme de cette d\u00e9finition minilamliste de la communaut\u00e9, les dispositifs techniques ne semblent en d\u00e9finitive ne r\u00e9pondre qu&#8217;\u00e0 deux conditions pos\u00e9es : l&#8217;offre d&#8217;un espace commun de rencontres r\u00e9guli\u00e8res, qui permettent la production de biens collectifs \u2013 ici en consid\u00e9rant que l&#8217;information co-produite. Il reste bien \u00e9videmment que les dimensions intersubjectives d&#8217;une communaut\u00e9 ne peuvent \u00eatre g\u00e9n\u00e9r\u00e9es par le dispositif.<\/p>\n<p style=\"margin-bottom:0;\">Par cons\u00e9quent, l&#8217;articulation, et non la concomitance, entre dispositifs \u00e9mergeants sur la Toile et communaut\u00e9s s&#8217;av\u00e8re complexe. Un d\u00e9passement des dichotomies sociabilit\u00e9 \u00e9lectronique \/ sociabilit\u00e9 en direct,\u00a0 m\u00e9diation technique \/ m\u00e9diation sociale est n\u00e9cessaire pour tenter de saisir et comprendre les &#8220;arts de faire&#8221; des internautes dans l&#8217;utilisation faite d&#8217;espaces &#8220;communautaires&#8221; (Myspace et consort) pour entretenir, voire cr\u00e9er, du lien social.<\/p>\n","protected":false},"excerpt":{"rendered":"<p>Les communaut\u00e9s sont dans l&#8217;air du temps. Moins empiriquement que pr\u00e9sente dans les discours ou dans les projets d&#8217;industries de contenus et m\u00eame de la part d&#8217;industries plus traditionnelles. C&#8217;est du moins l&#8217;intention de Coca-Cola, selon Le Journal du Net&#8230; <a class=\"more-link\" href=\"http:\/\/oliviertredan.fr\/?p=137\">Continue Reading &rarr;<\/a><\/p>\n","protected":false},"author":42,"featured_media":0,"comment_status":"open","ping_status":"open","sticky":false,"template":"","format":"standard","meta":{"footnotes":""},"categories":[136,77],"tags":[],"class_list":["post-137","post","type-post","status-publish","format-standard","hentry","category-archives","category-uncategorized"],"_links":{"self":[{"href":"http:\/\/oliviertredan.fr\/index.php?rest_route=\/wp\/v2\/posts\/137","targetHints":{"allow":["GET"]}}],"collection":[{"href":"http:\/\/oliviertredan.fr\/index.php?rest_route=\/wp\/v2\/posts"}],"about":[{"href":"http:\/\/oliviertredan.fr\/index.php?rest_route=\/wp\/v2\/types\/post"}],"author":[{"embeddable":true,"href":"http:\/\/oliviertredan.fr\/index.php?rest_route=\/wp\/v2\/users\/42"}],"replies":[{"embeddable":true,"href":"http:\/\/oliviertredan.fr\/index.php?rest_route=%2Fwp%2Fv2%2Fcomments&post=137"}],"version-history":[{"count":1,"href":"http:\/\/oliviertredan.fr\/index.php?rest_route=\/wp\/v2\/posts\/137\/revisions"}],"predecessor-version":[{"id":5635,"href":"http:\/\/oliviertredan.fr\/index.php?rest_route=\/wp\/v2\/posts\/137\/revisions\/5635"}],"wp:attachment":[{"href":"http:\/\/oliviertredan.fr\/index.php?rest_route=%2Fwp%2Fv2%2Fmedia&parent=137"}],"wp:term":[{"taxonomy":"category","embeddable":true,"href":"http:\/\/oliviertredan.fr\/index.php?rest_route=%2Fwp%2Fv2%2Fcategories&post=137"},{"taxonomy":"post_tag","embeddable":true,"href":"http:\/\/oliviertredan.fr\/index.php?rest_route=%2Fwp%2Fv2%2Ftags&post=137"}],"curies":[{"name":"wp","href":"https:\/\/api.w.org\/{rel}","templated":true}]}}