{"id":134,"date":"2007-05-15T12:44:28","date_gmt":"2007-05-15T12:44:28","guid":{"rendered":"http:\/\/oliviertredan.wordpress.com\/2007\/05\/15\/aperoblog-sur-le-theme-du-blogging-et-journalisme\/"},"modified":"2026-04-12T11:32:23","modified_gmt":"2026-04-12T09:32:23","slug":"aperoblog-sur-le-theme-du-blogging-et-journalisme","status":"publish","type":"post","link":"http:\/\/oliviertredan.fr\/?p=134","title":{"rendered":"Ap\u00e9roblog sur le th\u00e8me du blogging et journalisme"},"content":{"rendered":"<p>Mercredi 23 mai prochain\u00a0 \u00e0  partir de 18H que\u00a0 va se d\u00e9rouler le prochain Ap\u00e9roblog parrain\u00e9 par <a href=\"http:\/\/www.armortv.fr\/front\/\" target=\"_blank\">Armor TV <\/a>au Caf\u00e9 &#8220;<a href=\"http:\/\/lesvalseuses.net\/\">Les Valseuses<\/a>&#8221; \u00e0  Br\u00e9l\u00e9venez pr\u00e8s de Lannion. Le th\u00e8me de notre rencontre :  <strong>Parall\u00e8les et (ou) diff\u00e9renciations entre journalistes et\u00a0  blogueu<\/strong>r<strong>s.<\/strong> En effet le monde de la presse en  g\u00e9n\u00e9rale et donc les journalistes observent avec int\u00e9r\u00eat et\u00a0m\u00e9fiance  parfois le petit monde la blogosph\u00e8re.  Des fronti\u00e8res doivent-elles vraiment  \u00eatre trac\u00e9es, quelles sont les diff\u00e9rentes postures et latitudes des uns et des  autres, qui a peur de qui et pourquoi ?<\/p>\n","protected":false},"excerpt":{"rendered":"<p>Mercredi 23 mai prochain\u00a0 \u00e0 partir de 18H que\u00a0 va se d\u00e9rouler le prochain Ap\u00e9roblog parrain\u00e9 par Armor TV au Caf\u00e9 &#8220;Les Valseuses&#8221; \u00e0 Br\u00e9l\u00e9venez pr\u00e8s de Lannion. Le th\u00e8me de notre rencontre : Parall\u00e8les et (ou) diff\u00e9renciations entre journalistes&#8230; <a class=\"more-link\" href=\"http:\/\/oliviertredan.fr\/?p=134\">Continue Reading &rarr;<\/a><\/p>\n","protected":false},"author":42,"featured_media":0,"comment_status":"open","ping_status":"open","sticky":false,"template":"","format":"standard","meta":{"footnotes":""},"categories":[51,136],"tags":[],"class_list":["post-134","post","type-post","status-publish","format-standard","hentry","category-aperoblog","category-archives"],"_links":{"self":[{"href":"http:\/\/oliviertredan.fr\/index.php?rest_route=\/wp\/v2\/posts\/134","targetHints":{"allow":["GET"]}}],"collection":[{"href":"http:\/\/oliviertredan.fr\/index.php?rest_route=\/wp\/v2\/posts"}],"about":[{"href":"http:\/\/oliviertredan.fr\/index.php?rest_route=\/wp\/v2\/types\/post"}],"author":[{"embeddable":true,"href":"http:\/\/oliviertredan.fr\/index.php?rest_route=\/wp\/v2\/users\/42"}],"replies":[{"embeddable":true,"href":"http:\/\/oliviertredan.fr\/index.php?rest_route=%2Fwp%2Fv2%2Fcomments&post=134"}],"version-history":[{"count":1,"href":"http:\/\/oliviertredan.fr\/index.php?rest_route=\/wp\/v2\/posts\/134\/revisions"}],"predecessor-version":[{"id":5638,"href":"http:\/\/oliviertredan.fr\/index.php?rest_route=\/wp\/v2\/posts\/134\/revisions\/5638"}],"wp:attachment":[{"href":"http:\/\/oliviertredan.fr\/index.php?rest_route=%2Fwp%2Fv2%2Fmedia&parent=134"}],"wp:term":[{"taxonomy":"category","embeddable":true,"href":"http:\/\/oliviertredan.fr\/index.php?rest_route=%2Fwp%2Fv2%2Fcategories&post=134"},{"taxonomy":"post_tag","embeddable":true,"href":"http:\/\/oliviertredan.fr\/index.php?rest_route=%2Fwp%2Fv2%2Ftags&post=134"}],"curies":[{"name":"wp","href":"https:\/\/api.w.org\/{rel}","templated":true}]}}