{"id":133,"date":"2007-05-10T14:35:37","date_gmt":"2007-05-10T14:35:37","guid":{"rendered":"http:\/\/oliviertredan.wordpress.com\/2007\/05\/10\/une-experience-de-correspondance-numerique\/"},"modified":"2026-04-12T11:32:23","modified_gmt":"2026-04-12T09:32:23","slug":"une-experience-de-correspondance-numerique","status":"publish","type":"post","link":"http:\/\/oliviertredan.fr\/?p=133","title":{"rendered":"Une exp\u00e9rience de correspondance num\u00e9rique"},"content":{"rendered":"<p>En surfant sur <a href=\"http:\/\/technorati.com\/search\/Rue89.com?sourceid=opensearch\" target=\"_blank\">Technorati<\/a> \u00e0 la recherche de qui parle et comment du lancement de <a href=\"http:\/\/rue89.com\/\" target=\"_blank\">Rue89.com<\/a>, le dernier des m\u00e9dias citoyens, <a href=\"http:\/\/mmixer.blogspot.com\/2007\/05\/journalisme-citoyen-mon-dpucelage.html\">un billet d&#8217;un blogueur retra\u00e7ant son lancement dans la correspondance num\u00e9rique<\/a> :<\/p>\n<p style=\"font-style:italic;\">\u00a0&#8220;C&#8217;est sans doute pour \u00e7a que j&#8217;ai \u00e9t\u00e9 plus attentif que d&#8217;habitude aux sir\u00e8nes des deux camions de pompiers crois\u00e9s . [&#8230;] Quand j&#8217;entends la sir\u00e8ne d&#8217;un troisi\u00e8me camion qui cherche \u00e0 rattraper les deux premiers, je fais demi-tour et je m&#8217;\u00e9lance \u00e0 la poursuite des gyrophares. Ca ne fait pas l&#8217;ombre d&#8217;un doute : je suis sur un coup. [&#8230;] Whouaou, un vrai feu ! Je respire profond\u00e9ment et r\u00e9fl\u00e9chit \u00e0 ce que je vais bien pouvoir prononcer comme discours quand je recevrais le prix Pulitzer. [&#8230;]<\/p>\n<p style=\"font-style:italic;\">Je trouve. Je me pr\u00e9cipite. Les pompiers sont en train de ranger leur mat\u00e9riel. Tout est \u00e9teint. [&#8230;] C&#8217;est un petit utilitaire qui a br\u00fbl\u00e9. Il est \u00e9teint. Fin de l&#8217;histoire. Bon. Je fais quoi, moi maintenant. Quelques mauvaises photos &#8211; il faut vraiment que je change de mat\u00e9riel si je veux \u00eatre un journaliste citoyen performant &#8211; mais \u00e0 part \u00e7a, je fais quoi ? Je vais parler aux t\u00e9moins ? Aux pompiers ? Aux deux policiers qui viennent d&#8217;arriver ?<\/p>\n<p>Pourtant, je sais faire. Je sais tr\u00e8s bien faire, m\u00eame. Mais quand je travaillais comme pigiste au R\u00e9publicain de l&#8217;Essonne, c&#8217;\u00e9tait plus simple. J&#8217;avais une raison sociale. Un employeur. Une carte de visite, m\u00eame, qui m&#8217;ouvrait des portes. Les gens que je rencontrais connaissaient &#8220;Le R\u00e9publicain&#8221; et r\u00e9pondaient sans difficult\u00e9 &#8211; et souvent avec plaisir &#8211; \u00e0 mes questions. [&#8230;]<\/p>\n<p>Mais l\u00e0, c&#8217;est diff\u00e9rent. On ne me fait pas entrer dans la confidence. Je suis un \u00e9tranger. Un badaud. Un badaud qui prend des photos avec son t\u00e9l\u00e9phone et qui se rapproche \u00e0 toute vitesse de la cat\u00e9gorie &#8220;Emmerdeur&#8221; quand il commence \u00e0 poser des questions \u00e0 demander si &#8220;les trois camions, c&#8217;est pour la m\u00eame intervention ?&#8221;. Le pompier r\u00e9pond oui de l&#8217;air de celui qui a autre chose \u00e0 faire (et en r\u00e9alit\u00e9, il a autre chose \u00e0 faire). Si je lui dis que je veux publier un article sur Rue89, \u00e7a ne va pas l&#8217;\u00e9mouvoir. J&#8217;aurai peut-\u00eatre du dire Yahoo! ou m\u00eame Lib\u00e9ration. <span style=\"font-weight:bold;\">C&#8217;est un probl\u00e8me tout de m\u00eame, cette absence de statut, si on veut faire en sorte que le &#8220;journalisme citoyen&#8221; se d\u00e9veloppe v\u00e9ritablement. <\/span>Il va tout de m\u00eame falloir que les gars se pr\u00e9sentent, disent bonjour, parlent, posent des questions. Parce que si c&#8217;est pour prendre une photo \u00e0 la sauvette, c&#8217;est pas la peine. Ca fonctionne comment, chez les autres ?&#8221;<\/p>\n","protected":false},"excerpt":{"rendered":"<p>En surfant sur Technorati \u00e0 la recherche de qui parle et comment du lancement de Rue89.com, le dernier des m\u00e9dias citoyens, un billet d&#8217;un blogueur retra\u00e7ant son lancement dans la correspondance num\u00e9rique : \u00a0&#8220;C&#8217;est sans doute pour \u00e7a que j&#8217;ai&#8230; <a class=\"more-link\" href=\"http:\/\/oliviertredan.fr\/?p=133\">Continue Reading &rarr;<\/a><\/p>\n","protected":false},"author":42,"featured_media":0,"comment_status":"open","ping_status":"open","sticky":false,"template":"","format":"standard","meta":{"footnotes":""},"categories":[136,68],"tags":[],"class_list":["post-133","post","type-post","status-publish","format-standard","hentry","category-archives","category-journalisme-citoyen"],"_links":{"self":[{"href":"http:\/\/oliviertredan.fr\/index.php?rest_route=\/wp\/v2\/posts\/133","targetHints":{"allow":["GET"]}}],"collection":[{"href":"http:\/\/oliviertredan.fr\/index.php?rest_route=\/wp\/v2\/posts"}],"about":[{"href":"http:\/\/oliviertredan.fr\/index.php?rest_route=\/wp\/v2\/types\/post"}],"author":[{"embeddable":true,"href":"http:\/\/oliviertredan.fr\/index.php?rest_route=\/wp\/v2\/users\/42"}],"replies":[{"embeddable":true,"href":"http:\/\/oliviertredan.fr\/index.php?rest_route=%2Fwp%2Fv2%2Fcomments&post=133"}],"version-history":[{"count":1,"href":"http:\/\/oliviertredan.fr\/index.php?rest_route=\/wp\/v2\/posts\/133\/revisions"}],"predecessor-version":[{"id":5639,"href":"http:\/\/oliviertredan.fr\/index.php?rest_route=\/wp\/v2\/posts\/133\/revisions\/5639"}],"wp:attachment":[{"href":"http:\/\/oliviertredan.fr\/index.php?rest_route=%2Fwp%2Fv2%2Fmedia&parent=133"}],"wp:term":[{"taxonomy":"category","embeddable":true,"href":"http:\/\/oliviertredan.fr\/index.php?rest_route=%2Fwp%2Fv2%2Fcategories&post=133"},{"taxonomy":"post_tag","embeddable":true,"href":"http:\/\/oliviertredan.fr\/index.php?rest_route=%2Fwp%2Fv2%2Ftags&post=133"}],"curies":[{"name":"wp","href":"https:\/\/api.w.org\/{rel}","templated":true}]}}