{"id":110,"date":"2006-12-05T12:57:52","date_gmt":"2006-12-05T12:57:52","guid":{"rendered":"http:\/\/oliviertredan.wordpress.com\/2006\/12\/05\/le-web-20-thematique-du-seminaire-aristote\/"},"modified":"2026-04-12T11:31:49","modified_gmt":"2026-04-12T09:31:49","slug":"le-web-20-thematique-du-seminaire-aristote","status":"publish","type":"post","link":"http:\/\/oliviertredan.fr\/?p=110","title":{"rendered":"Le Web 2.0, th\u00e9matique du s\u00e9minaire Aristote"},"content":{"rendered":"<p><a href=\"http:\/\/www.aristote.asso.fr\/sem\/semnext.html\" target=\"_blank\">Le s\u00e9minaire de D\u00e9cembre \t\t\t\t<\/a>2006 : <em>Du Web 2.0 au Web 3.0 et au-del\u00e0<\/em><\/p>\n<p class=\"atexte-western\">Au del\u00e0 de la mode marketing du \t\t\t\tWeb 2.0, quel est l&#8217;avenir du Web, que peut il apporter en tant \t\t\t\tqu&#8217;outil de travail professionnel, scientifique et technique ? \t\t\t\tComment assurer la p\u00e9rennisation, et surtout la s\u00e9curit\u00e9 \t\t\t\t? Et o\u00f9 en sont les standards ? Comment des experts et de \t\t\t\tgrands acteurs du march\u00e9 envisagent-ils l&#8217;\u00e9volution \t\t\t\tdu Web dans les prochaines ann\u00e9es ?<\/p>\n<p class=\"atexte-western\"><font color=\"#000000\">Pour vous \t\t\t\tapporter quelques \u00e9l\u00e9ments de r\u00e9ponse \u00e0 \t\t\t\tces questions, les responsables de ce s\u00e9minaire ont \t\t\t\tdemand\u00e9 \u00e0 des experts et des strat\u00e8ges de \t\t\t\tdiverses origines leurs id\u00e9es et leurs points de vue. Ils \t\t\t\tvous parleront de l&#8217;\u00e9volution des standards, ils vous \t\t\t\tpr\u00e9senteront des points de vue caract\u00e9ristiques \t\t\t\td&#8217;horizons commerciaux vari\u00e9s, ainsi que des sentiments et \t\t\t\tdes id\u00e9es d&#8217;utilisateur : l&#8217;id\u00e9al du Web 6.0&#8230; \t\t\t\tFinalement, des experts reviendront sur l&#8217;estrade pour terminer \t\t\t\tla journ\u00e9e et nous pr\u00e9parer modestement au Web 4.0<\/font>.<\/p>\n","protected":false},"excerpt":{"rendered":"<p>Le s\u00e9minaire de D\u00e9cembre 2006 : Du Web 2.0 au Web 3.0 et au-del\u00e0 Au del\u00e0 de la mode marketing du Web 2.0, quel est l&#8217;avenir du Web, que peut il apporter en tant qu&#8217;outil de travail professionnel, scientifique et&#8230; <a class=\"more-link\" href=\"http:\/\/oliviertredan.fr\/?p=110\">Continue Reading &rarr;<\/a><\/p>\n","protected":false},"author":42,"featured_media":0,"comment_status":"open","ping_status":"open","sticky":false,"template":"","format":"standard","meta":{"footnotes":""},"categories":[136,77],"tags":[],"class_list":["post-110","post","type-post","status-publish","format-standard","hentry","category-archives","category-uncategorized"],"_links":{"self":[{"href":"http:\/\/oliviertredan.fr\/index.php?rest_route=\/wp\/v2\/posts\/110","targetHints":{"allow":["GET"]}}],"collection":[{"href":"http:\/\/oliviertredan.fr\/index.php?rest_route=\/wp\/v2\/posts"}],"about":[{"href":"http:\/\/oliviertredan.fr\/index.php?rest_route=\/wp\/v2\/types\/post"}],"author":[{"embeddable":true,"href":"http:\/\/oliviertredan.fr\/index.php?rest_route=\/wp\/v2\/users\/42"}],"replies":[{"embeddable":true,"href":"http:\/\/oliviertredan.fr\/index.php?rest_route=%2Fwp%2Fv2%2Fcomments&post=110"}],"version-history":[{"count":1,"href":"http:\/\/oliviertredan.fr\/index.php?rest_route=\/wp\/v2\/posts\/110\/revisions"}],"predecessor-version":[{"id":5619,"href":"http:\/\/oliviertredan.fr\/index.php?rest_route=\/wp\/v2\/posts\/110\/revisions\/5619"}],"wp:attachment":[{"href":"http:\/\/oliviertredan.fr\/index.php?rest_route=%2Fwp%2Fv2%2Fmedia&parent=110"}],"wp:term":[{"taxonomy":"category","embeddable":true,"href":"http:\/\/oliviertredan.fr\/index.php?rest_route=%2Fwp%2Fv2%2Fcategories&post=110"},{"taxonomy":"post_tag","embeddable":true,"href":"http:\/\/oliviertredan.fr\/index.php?rest_route=%2Fwp%2Fv2%2Ftags&post=110"}],"curies":[{"name":"wp","href":"https:\/\/api.w.org\/{rel}","templated":true}]}}